{"id":60383,"date":"2018-07-26T18:19:05","date_gmt":"2018-07-26T21:19:05","guid":{"rendered":"http:\/\/pdt-rj.org.br\/?p=60383"},"modified":"2018-07-26T18:20:18","modified_gmt":"2018-07-26T21:20:18","slug":"ciro-participa-da-convencao-estadual-que-oficializou-as-candidaturas-do-pdt-no-para","status":"publish","type":"post","link":"https:\/\/pdt-rj.org.br\/index.php\/ciro-participa-da-convencao-estadual-que-oficializou-as-candidaturas-do-pdt-no-para\/","title":{"rendered":"Ciro participa da conven\u00e7\u00e3o estadual que oficializou as candidaturas do PDT no Par\u00e1"},"content":{"rendered":"<p>&nbsp;<\/p>\n<p>O candidato \u00e0 Presid\u00eancia da Rep\u00fablica, Ciro Gomes, esteve ontem (25), no Par\u00e1, juntamente com presidente do PDT, Carlos Lupi, para a conven\u00e7\u00e3o estadual do partido. Al\u00e9m de oficializar as candidaturas de v\u00e1rios deputados estaduais e federais, a conven\u00e7\u00e3o tamb\u00e9m lan\u00e7ou o nome de Osmar Nascimento ao Senado.<\/p>\n<p>O evento aconteceu em Ananindeua, na regi\u00e3o metropolitana de Bel\u00e9m. Os pedetistas foram recepcionados pelo prefeito da cidade, Manoel Pioneiro, e pelo pr\u00e9-candidato ao governo do Estado, M\u00e1rcio Miranda.<\/p>\n<p>&#8220;Ciro, quero lhe agradecer. Voc\u00ea nos honra enquanto Pa\u00eds, enquanto patriota, enquanto partido. Eu n\u00e3o sou candidato a nada, eu sou candidato a ser cabo eleitoral desse time&#8221;, disse o presidente do PDT, Carlos Lupi, dirigindo-se \u00e0s autoridades presentes no palco durante a oficializa\u00e7\u00e3o das candidaturas. Na sequencia, cantou um trecho da m\u00fasica \u201cLiberdade, liberdade, abra as asas sobre n\u00f3s\u201d.<\/p>\n<p>&#8220;Liberdade, liberdade, abra as asas sobre n\u00f3s. Se n\u00e3o for a igualdade, ser\u00e1 sempre a nossa voz&#8221;, cantou. &#8220;E que a voz do Par\u00e1 seja a voz da liberdade do povo brasileiro&#8221;, ressaltou Lupi, aplaudido pela milit\u00e2ncia presente no evento.<\/p>\n<p>Em seu discurso, Ciro mencionou a necessidade da uni\u00e3o para vencer os desafios do Brasil.<\/p>\n<p>&#8220;Eu preciso conversar com voc\u00eas um pouco sobre o nosso pa\u00eds. A nossa na\u00e7\u00e3o est\u00e1 muito machucada. Hoje, quase 14 milh\u00f5es de brasileiros amanheceram desempregados no Brasil. Se achamos pouco, vamos lembrar que o pa\u00eds tem hoje 32 milh\u00f5es de brasileiros que est\u00e3o empurrados para a informalidade. Com um pacto econ\u00f4mico dessa natureza, coisa boa n\u00e3o vai acontecer para uma na\u00e7\u00e3o como a nossa\u201d, destacou.<\/p>\n<p>O presidenci\u00e1vel tamb\u00e9m ressaltou que nos \u00faltimos doze meses, 62 mil pessoas foram assassinadas e que as autoridades \u201cdesmoralizadas de nosso Pa\u00eds\u201d s\u00f3 conseguem investigar 8 em cada 100.<\/p>\n<p>\u201cN\u00e3o vim aqui pra reclamar, mas \u00e9 desse filme que consigo tirar for\u00e7as para dizer que o Brasil precisa mudar\u201d, disse.<\/p>\n<p><strong>12 Passos Para Mudar o Brasil<\/strong> &#8211; Durante a Conven\u00e7\u00e3o Nacional do PDT, realizada na \u00faltima sexta-feira (20), em Bras\u00edlia, que oficializou Ciro Gomes como candidato do partido \u00e0 Presid\u00eancia da Rep\u00fablica, foi lan\u00e7ado um documento cm as diretrizes iniciais para mudar o Brasil.<\/p>\n<p>A gera\u00e7\u00e3o de empregos \u00e9 um dos pontos elencados por Ciro Gomes. O documento aponta que na esteira do desemprego, outros n\u00fameros revelam o sofrimento das fam\u00edlias. Al\u00e9m disso, quase todos os aspectos da vida cotidiana brasileira refletem a crise, como os 62 mil homic\u00eddios registrados s\u00f3 no ano de 2016, n\u00fameros que s\u00e3o sempre lembrados em seus discursos.<\/p>\n<!-- AddThis Advanced Settings generic via filter on the_content --><!-- AddThis Share Buttons generic via filter on the_content -->","protected":false},"excerpt":{"rendered":"<p>&nbsp; O candidato \u00e0 Presid\u00eancia da Rep\u00fablica, Ciro Gomes, esteve ontem (25), no Par\u00e1, juntamente com presidente do PDT, Carlos Lupi, para a conven\u00e7\u00e3o estadual do partido. Al\u00e9m de oficializar as candidaturas de v\u00e1rios deputados estaduais e federais, a conven\u00e7\u00e3o tamb\u00e9m lan\u00e7ou o nome de Osmar Nascimento ao Senado. O evento aconteceu em Ananindeua, na&#8230;<!-- AddThis Advanced Settings generic via filter on wp_trim_excerpt --><!-- AddThis Share Buttons generic via filter on wp_trim_excerpt --><\/p>\n","protected":false},"author":17,"featured_media":60386,"comment_status":"closed","ping_status":"closed","sticky":false,"template":"","format":"standard","meta":{"_monsterinsights_skip_tracking":false,"_monsterinsights_sitenote_active":false,"_monsterinsights_sitenote_note":"","_monsterinsights_sitenote_category":0,"_uf_show_specific_survey":0,"_uf_disable_surveys":false,"footnotes":""},"categories":[3029,976],"tags":[196,3048,3049,348,38],"class_list":["post-60383","post","type-post","status-publish","format-standard","has-post-thumbnail","hentry","category-eleicoes-2018","category-noticias-em-destaque","tag-carlos-lupi","tag-ciro-gome","tag-convencao-estadual-para","tag-eleicoes-2018","tag-pdt"],"acf":[],"_links":{"self":[{"href":"https:\/\/pdt-rj.org.br\/index.php\/wp-json\/wp\/v2\/posts\/60383","targetHints":{"allow":["GET"]}}],"collection":[{"href":"https:\/\/pdt-rj.org.br\/index.php\/wp-json\/wp\/v2\/posts"}],"about":[{"href":"https:\/\/pdt-rj.org.br\/index.php\/wp-json\/wp\/v2\/types\/post"}],"author":[{"embeddable":true,"href":"https:\/\/pdt-rj.org.br\/index.php\/wp-json\/wp\/v2\/users\/17"}],"replies":[{"embeddable":true,"href":"https:\/\/pdt-rj.org.br\/index.php\/wp-json\/wp\/v2\/comments?post=60383"}],"version-history":[{"count":2,"href":"https:\/\/pdt-rj.org.br\/index.php\/wp-json\/wp\/v2\/posts\/60383\/revisions"}],"predecessor-version":[{"id":60387,"href":"https:\/\/pdt-rj.org.br\/index.php\/wp-json\/wp\/v2\/posts\/60383\/revisions\/60387"}],"wp:featuredmedia":[{"embeddable":true,"href":"https:\/\/pdt-rj.org.br\/index.php\/wp-json\/wp\/v2\/media\/60386"}],"wp:attachment":[{"href":"https:\/\/pdt-rj.org.br\/index.php\/wp-json\/wp\/v2\/media?parent=60383"}],"wp:term":[{"taxonomy":"category","embeddable":true,"href":"https:\/\/pdt-rj.org.br\/index.php\/wp-json\/wp\/v2\/categories?post=60383"},{"taxonomy":"post_tag","embeddable":true,"href":"https:\/\/pdt-rj.org.br\/index.php\/wp-json\/wp\/v2\/tags?post=60383"}],"curies":[{"name":"wp","href":"https:\/\/api.w.org\/{rel}","templated":true}]}}