{"id":60370,"date":"2018-07-25T17:42:03","date_gmt":"2018-07-25T20:42:03","guid":{"rendered":"http:\/\/pdt-rj.org.br\/?p=60370"},"modified":"2018-08-06T20:45:06","modified_gmt":"2018-08-06T23:45:06","slug":"ligia-feliciano-defende-incentivos-ao-homem-do-campo","status":"publish","type":"post","link":"https:\/\/pdt-rj.org.br\/index.php\/ligia-feliciano-defende-incentivos-ao-homem-do-campo\/","title":{"rendered":"L\u00edgia Feliciano defende incentivos ao homem do campo"},"content":{"rendered":"<p>Nesta quarta-feira (25), dia em que \u00e9 comemorado o Dia do Trabalhador Rual, a vice-governadora da Para\u00edba, L\u00edgia Feliciano (PDT), defende a garantia de melhorias para os agricultores do estado.\u00a0Em recentes visitas ao interior do estado, L\u00edgia conversou com homens e mulheres do campo que vivem da agricultura de subsist\u00eancia, mas que sem incentivo pensam em desistir da cultura tradicional.<\/p>\n<p>\u201cO homem que vive no campo, que planta, cultiva, quer permanecer no campo, gosta da vida que leva. Dia 25 de julho, hoje, \u00e9 o dia do produtor rural e eles merecem mais aten\u00e7\u00e3o. O estado tem que proporcionar essas melhorias\u201d, disse.<\/p>\n<p>\u201cTemos de capacitar, criando c\u00e2maras t\u00e9cnicas que proporcionar\u00e3o consultorias aos pequenos agricultores\u201d, completou a pedetista, afirmando ainda que est\u00e1 sendo elaborado um plano de desenvolvimento econ\u00f4mico estadual.<\/p>\n<p>\u201cSem incentivos ao homem do campo, ele sair\u00e1 do campo. Temos de investir ainda mais no consumo dos produtos cultivados na Para\u00edba, como o queijo de cabra, de Tapero\u00e1, o arroz vermelho e negro, no Vale do Pianc\u00f3, e tantos outros cultivos\u201d, completou.<\/p>\n<p>De acordo com L\u00edgia, essas medidas s\u00e3o fundamentais para\u00a0 conter o \u00eaxodo rural por falta de oportunidades e evitar a migra\u00e7\u00e3o das pessoas do campo para as periferias dos grandes centros.<\/p>\n<!-- AddThis Advanced Settings generic via filter on the_content --><!-- AddThis Share Buttons generic via filter on the_content -->","protected":false},"excerpt":{"rendered":"<p>Nesta quarta-feira (25), dia em que \u00e9 comemorado o Dia do Trabalhador Rual, a vice-governadora da Para\u00edba, L\u00edgia Feliciano (PDT), defende a garantia de melhorias para os agricultores do estado.\u00a0Em recentes visitas ao interior do estado, L\u00edgia conversou com homens e mulheres do campo que vivem da agricultura de subsist\u00eancia, mas que sem incentivo pensam&#8230;<!-- AddThis Advanced Settings generic via filter on wp_trim_excerpt --><!-- AddThis Share Buttons generic via filter on wp_trim_excerpt --><\/p>\n","protected":false},"author":17,"featured_media":60372,"comment_status":"closed","ping_status":"closed","sticky":false,"template":"","format":"standard","meta":{"_monsterinsights_skip_tracking":false,"_monsterinsights_sitenote_active":false,"_monsterinsights_sitenote_note":"","_monsterinsights_sitenote_category":0,"_uf_show_specific_survey":0,"_uf_disable_surveys":false,"footnotes":""},"categories":[1390,3029],"tags":[348,3058,2974,38,3047],"class_list":["post-60370","post","type-post","status-publish","format-standard","has-post-thumbnail","hentry","category-editorias","category-eleicoes-2018","tag-eleicoes-2018","tag-exodo-rural","tag-ligia-feliciano","tag-pdt","tag-trabalhador-rural"],"acf":[],"_links":{"self":[{"href":"https:\/\/pdt-rj.org.br\/index.php\/wp-json\/wp\/v2\/posts\/60370","targetHints":{"allow":["GET"]}}],"collection":[{"href":"https:\/\/pdt-rj.org.br\/index.php\/wp-json\/wp\/v2\/posts"}],"about":[{"href":"https:\/\/pdt-rj.org.br\/index.php\/wp-json\/wp\/v2\/types\/post"}],"author":[{"embeddable":true,"href":"https:\/\/pdt-rj.org.br\/index.php\/wp-json\/wp\/v2\/users\/17"}],"replies":[{"embeddable":true,"href":"https:\/\/pdt-rj.org.br\/index.php\/wp-json\/wp\/v2\/comments?post=60370"}],"version-history":[{"count":6,"href":"https:\/\/pdt-rj.org.br\/index.php\/wp-json\/wp\/v2\/posts\/60370\/revisions"}],"predecessor-version":[{"id":60493,"href":"https:\/\/pdt-rj.org.br\/index.php\/wp-json\/wp\/v2\/posts\/60370\/revisions\/60493"}],"wp:featuredmedia":[{"embeddable":true,"href":"https:\/\/pdt-rj.org.br\/index.php\/wp-json\/wp\/v2\/media\/60372"}],"wp:attachment":[{"href":"https:\/\/pdt-rj.org.br\/index.php\/wp-json\/wp\/v2\/media?parent=60370"}],"wp:term":[{"taxonomy":"category","embeddable":true,"href":"https:\/\/pdt-rj.org.br\/index.php\/wp-json\/wp\/v2\/categories?post=60370"},{"taxonomy":"post_tag","embeddable":true,"href":"https:\/\/pdt-rj.org.br\/index.php\/wp-json\/wp\/v2\/tags?post=60370"}],"curies":[{"name":"wp","href":"https:\/\/api.w.org\/{rel}","templated":true}]}}