{"id":60352,"date":"2018-07-25T13:36:49","date_gmt":"2018-07-25T16:36:49","guid":{"rendered":"http:\/\/pdt-rj.org.br\/?p=60352"},"modified":"2018-07-26T18:37:19","modified_gmt":"2018-07-26T21:37:19","slug":"caetano-veloso-faz-mencao-a-ciro-gomes-em-sua-rede-social","status":"publish","type":"post","link":"https:\/\/pdt-rj.org.br\/index.php\/caetano-veloso-faz-mencao-a-ciro-gomes-em-sua-rede-social\/","title":{"rendered":"Caetano Veloso faz men\u00e7\u00e3o a Ciro Gomes em sua rede social"},"content":{"rendered":"<p>Caetano Veloso voltou a mencionar o presidenci\u00e1vel Ciro Gomes, nesta ter\u00e7a-feira (24), em sua rede social. Desta vez, o m\u00fasico faz uma compara\u00e7\u00e3o entre o pedetista e o presidente Michel Temer. O cantor tamb\u00e9m deu sua opini\u00e3o sobre o \u201cbloc\u00e3o\u201d, formado por DEM, PR, PP, PRB e Solidariedade.<\/p>\n<p>\u201cCiro \u00e9 explosivo, Temer \u00e9 dissimulado. Ciro busca uni\u00e3o, Temer busca conchavos. Ciro pensa no pa\u00eds, Temer pensa em si. Ciro \u00e9 nosso contempor\u00e2neo, Temer \u00e9 assombra\u00e7\u00e3o do passado. Ciro tem vitalidade, Temer \u00e9 um morto-vivo. Ciro fala com coragem, Temer cala com ast\u00facia\u201d, postou, ontem, no Facebook.<\/p>\n<p>\u201cPor tudo isso o bloc\u00e3o n\u00e3o encarou acertos com Ciro: o bloc\u00e3o, com Rodrigo ouvindo os conselhos do pai C\u00e9sar (de quem gosto), n\u00e3o topou imaginar viver t\u00e3o longe do ambiente a que o centr\u00e3o est\u00e1 acostumado: o mundo de Temer\u201d, critica.<\/p>\n<p>\u201cO bloc\u00e3o identifica-se com o centr\u00e3o e rejeita mudan\u00e7a no mundo pol\u00edtico. O que queremos? Um Brasil comandado por Alckmin amparado no centr\u00e3o temerista? Ou curtir a cafajestada de Bolsonaro sob economia igualmente temerista?\u201d, escreve.<\/p>\n<p>Caetano Veloso \u2013 que se refere a Ciro Gomes como \u201cmeu candidato \u00e0 Presid\u00eancia da Rep\u00fablica\u201d, j\u00e1 teve a oportunidade de entrevist\u00e1-lo, recentemente, em sua coluna na \u201cMidia Ninja\u201d, no youtube.<\/p>\n<p>&#8220;Hoje vou entrevistar um sujeito que admiro muito, que na verdade \u00e9 meu candidato \u00e0 Presid\u00eancia da Rep\u00fablica&#8221;, disse o m\u00fasico, naquela ocasi\u00e3o, logo na abertura do programa.<\/p>\n<p>Confira a entrevista que Caetano Veloso fez com Ciro Gomes na coluna <a href=\"https:\/\/www.youtube.com\/watch?v=yE55i99tZWg&amp;feature=youtu.be\">M\u00eddia Ninja<\/a> em junho deste ano.<\/p>\n<p>&nbsp;<\/p>\n<!-- AddThis Advanced Settings generic via filter on the_content --><!-- AddThis Share Buttons generic via filter on the_content -->","protected":false},"excerpt":{"rendered":"<p>Caetano Veloso voltou a mencionar o presidenci\u00e1vel Ciro Gomes, nesta ter\u00e7a-feira (24), em sua rede social. Desta vez, o m\u00fasico faz uma compara\u00e7\u00e3o entre o pedetista e o presidente Michel Temer. O cantor tamb\u00e9m deu sua opini\u00e3o sobre o \u201cbloc\u00e3o\u201d, formado por DEM, PR, PP, PRB e Solidariedade. \u201cCiro \u00e9 explosivo, Temer \u00e9 dissimulado. Ciro&#8230;<!-- AddThis Advanced Settings generic via filter on wp_trim_excerpt --><!-- AddThis Share Buttons generic via filter on wp_trim_excerpt --><\/p>\n","protected":false},"author":17,"featured_media":60367,"comment_status":"closed","ping_status":"closed","sticky":false,"template":"","format":"standard","meta":{"_monsterinsights_skip_tracking":false,"_monsterinsights_sitenote_active":false,"_monsterinsights_sitenote_note":"","_monsterinsights_sitenote_category":0,"_uf_show_specific_survey":0,"_uf_disable_surveys":false,"footnotes":""},"categories":[1390,3029],"tags":[2061,220,348,38],"class_list":["post-60352","post","type-post","status-publish","format-standard","has-post-thumbnail","hentry","category-editorias","category-eleicoes-2018","tag-caetano-veloso","tag-ciro-gomes","tag-eleicoes-2018","tag-pdt"],"acf":[],"_links":{"self":[{"href":"https:\/\/pdt-rj.org.br\/index.php\/wp-json\/wp\/v2\/posts\/60352","targetHints":{"allow":["GET"]}}],"collection":[{"href":"https:\/\/pdt-rj.org.br\/index.php\/wp-json\/wp\/v2\/posts"}],"about":[{"href":"https:\/\/pdt-rj.org.br\/index.php\/wp-json\/wp\/v2\/types\/post"}],"author":[{"embeddable":true,"href":"https:\/\/pdt-rj.org.br\/index.php\/wp-json\/wp\/v2\/users\/17"}],"replies":[{"embeddable":true,"href":"https:\/\/pdt-rj.org.br\/index.php\/wp-json\/wp\/v2\/comments?post=60352"}],"version-history":[{"count":7,"href":"https:\/\/pdt-rj.org.br\/index.php\/wp-json\/wp\/v2\/posts\/60352\/revisions"}],"predecessor-version":[{"id":60394,"href":"https:\/\/pdt-rj.org.br\/index.php\/wp-json\/wp\/v2\/posts\/60352\/revisions\/60394"}],"wp:featuredmedia":[{"embeddable":true,"href":"https:\/\/pdt-rj.org.br\/index.php\/wp-json\/wp\/v2\/media\/60367"}],"wp:attachment":[{"href":"https:\/\/pdt-rj.org.br\/index.php\/wp-json\/wp\/v2\/media?parent=60352"}],"wp:term":[{"taxonomy":"category","embeddable":true,"href":"https:\/\/pdt-rj.org.br\/index.php\/wp-json\/wp\/v2\/categories?post=60352"},{"taxonomy":"post_tag","embeddable":true,"href":"https:\/\/pdt-rj.org.br\/index.php\/wp-json\/wp\/v2\/tags?post=60352"}],"curies":[{"name":"wp","href":"https:\/\/api.w.org\/{rel}","templated":true}]}}