{"id":60344,"date":"2018-07-25T11:45:33","date_gmt":"2018-07-25T14:45:33","guid":{"rendered":"http:\/\/pdt-rj.org.br\/?p=60344"},"modified":"2018-07-25T11:45:33","modified_gmt":"2018-07-25T14:45:33","slug":"com-lupi-juventude-socialista-define-estrategia-eleitoral","status":"publish","type":"post","link":"https:\/\/pdt-rj.org.br\/index.php\/com-lupi-juventude-socialista-define-estrategia-eleitoral\/","title":{"rendered":"Com Lupi, Juventude Socialista define estrat\u00e9gia eleitoral"},"content":{"rendered":"<p>No \u00faltimo s\u00e1bado (21), dia seguinte \u00e0 conven\u00e7\u00e3o nacional que homologou a candidatura presidencial de Ciro Gomes, a Dire\u00e7\u00e3o Nacional da Juventude Socialista reuniu-se por mais de cinco horas para debater a atual conjuntura e ajustar os \u00faltimos detalhes da estrat\u00e9gia eleitoral.<\/p>\n<p>A parte inicial do encontro contou com a presen\u00e7a do presidente nacional do PDT, Carlos Lupi, que compartilhou com os presentes uma profunda an\u00e1lise de conjuntura e reafirmou a import\u00e2ncia estrat\u00e9gia da juventude na corrida presidencial.<\/p>\n<p>\u201cA Juventude Socialista \u00e9 a prata da casa, movimento pujante e fundamental para a elei\u00e7\u00e3o do Ciro. Se organizem, fortale\u00e7am as candidaturas jovens e vamos para a rua\u201d, destacou Carlos Lupi em rela\u00e7\u00e3o \u00e0 organicidade do movimento.<\/p>\n<p>A Dire\u00e7\u00e3o Nacional do movimento chancelou o lan\u00e7amento de 30 candidaturas para os cargos de deputado estadual e federal em todo o Brasil, a constru\u00e7\u00e3o de um material espec\u00edfico para juventude e a instala\u00e7\u00e3o de um Grupo de Trabalho eleitoral que dialogar\u00e1 diretamente com a coordena\u00e7\u00e3o da campanha presidencial.<\/p>\n<p>Para o presidente nacional da JS, William Rodrigues, chegou o momento de intensificar o ativismo e engajamento.<br \/>\n\u201cEnfrentaremos uma elei\u00e7\u00e3o de 45 dias em um pa\u00eds gigante como o Brasil. Nossos candidatos ser\u00e3o a ponta de lan\u00e7a da campanha de Ciro, acompanhados por um batalh\u00e3o de ativistas, que \u00e9 a nossa milit\u00e2ncia. Em cada palmo de ch\u00e3o desse Brasil ter\u00e1 um jovem socialista empunhando a bandeira Ciro Presidente\u201d, ressaltou.<\/p>\n<p><strong>Conven\u00e7\u00e3o Nacional<\/strong><\/p>\n<p>A Juventude avaliou ainda a participa\u00e7\u00e3o do movimento na Conven\u00e7\u00e3o Nacional, realizada no dia 20, em Bras\u00edlia.<br \/>\n\u201cA Conven\u00e7\u00e3o Nacional foi hist\u00f3rica e emocionante. Mostra a for\u00e7a do PDT e de Ciro. A Juventude cumpriu seu papel e deu o tom popular e caloroso que \u00e9 a nossa marca\u201d, afirmou Rafael Oliveira (MA), vice-presidente da JS.<\/p>\n<p><strong>Onze meses de gest\u00e3o<\/strong><\/p>\n<p>Pr\u00f3ximo de completar um ano de gest\u00e3o, a reuni\u00e3o serviu tamb\u00e9m para um balan\u00e7o das a\u00e7\u00f5es da Dire\u00e7\u00e3o Nacional. Hoje presente em 26 estados, a JS conta com 4 presidentas estaduais e paridade de g\u00eanero em 23 estados. Diversas campanhas foram lan\u00e7adas ao longo da gest\u00e3o, como a campanha de filia\u00e7\u00e3o de jovens mulheres, a do voto aos 16 anos e o censo nacional de estudantes. Elegeram ainda, no Congresso Estadual da JS CE, a primeira mulher trans para um cargo diretivo.<\/p>\n<p><strong>Ciro Tamo Junto<\/strong><\/p>\n<p>A plataforma \u201cCiro Tamo Junto\u201d tem sido a ferramenta da JS durante a pr\u00e9-campanha e continuar\u00e1 sendo usada. J\u00e1 tendo aglutinado 30 candidatos por todo o Brasil, a Juventude espera atingir a meta de 50 jovens candidaturas at\u00e9 o fim das conven\u00e7\u00f5es estaduais.<\/p>\n<p>Durante a conven\u00e7\u00e3o nacional, o movimento lan\u00e7ou o manifesto \u201cA Juventude vai levar o Brasil para a mudan\u00e7a\u201d, onde reafirma a centralidade da candidatura Ciro Gomes e as prioridades da juventude no futuro governo.<br \/>\nA coordenadora regional Sul da JS, T\u00e1bata Amaral, reafirmou a import\u00e2ncia da plataforma Ciro Tamo Junto.<br \/>\n\u201cUma campanha presidencial \u00e9 gigante. Ter uma ferramenta com a cara do Partido, tocada pela juventude \u00e9 norteador e fundamental para pautarmos a campanha\u201d.<\/p>\n<p><strong>Secretaria Nacional de Comunica\u00e7\u00e3o<\/strong><\/p>\n<p>Ainda focados na estrat\u00e9gia eleitoral e na import\u00e2ncia da comunica\u00e7\u00e3o nessa quadra hist\u00f3rica, a Dire\u00e7\u00e3o Nacional aprovou a cria\u00e7\u00e3o da Secretaria Nacional de Comunica\u00e7\u00e3o, que ser\u00e1 respons\u00e1vel por reunir todos os esfor\u00e7os em curso e potencializar a a\u00e7\u00e3o da JS nas redes e nas ruas. O novo secret\u00e1rio \u00e9 Luis Moreira, presidente estadual da JS RJ, publicit\u00e1rio e ex-diretor da UBES.<\/p>\n<!-- AddThis Advanced Settings generic via filter on the_content --><!-- AddThis Share Buttons generic via filter on the_content -->","protected":false},"excerpt":{"rendered":"<p>No \u00faltimo s\u00e1bado (21), dia seguinte \u00e0 conven\u00e7\u00e3o nacional que homologou a candidatura presidencial de Ciro Gomes, a Dire\u00e7\u00e3o Nacional da Juventude Socialista reuniu-se por mais de cinco horas para debater a atual conjuntura e ajustar os \u00faltimos detalhes da estrat\u00e9gia eleitoral. A parte inicial do encontro contou com a presen\u00e7a do presidente nacional do&#8230;<!-- AddThis Advanced Settings generic via filter on wp_trim_excerpt --><!-- AddThis Share Buttons generic via filter on wp_trim_excerpt --><\/p>\n","protected":false},"author":17,"featured_media":60345,"comment_status":"closed","ping_status":"closed","sticky":false,"template":"","format":"standard","meta":{"_monsterinsights_skip_tracking":false,"_monsterinsights_sitenote_active":false,"_monsterinsights_sitenote_note":"","_monsterinsights_sitenote_category":0,"_uf_show_specific_survey":0,"_uf_disable_surveys":false,"footnotes":""},"categories":[1390,1586],"tags":[196,348,3043,539,38],"class_list":["post-60344","post","type-post","status-publish","format-standard","has-post-thumbnail","hentry","category-editorias","category-juventude-socialista","tag-carlos-lupi","tag-eleicoes-2018","tag-estrategia-eleitoral","tag-juventude-socialista","tag-pdt"],"acf":[],"_links":{"self":[{"href":"https:\/\/pdt-rj.org.br\/index.php\/wp-json\/wp\/v2\/posts\/60344","targetHints":{"allow":["GET"]}}],"collection":[{"href":"https:\/\/pdt-rj.org.br\/index.php\/wp-json\/wp\/v2\/posts"}],"about":[{"href":"https:\/\/pdt-rj.org.br\/index.php\/wp-json\/wp\/v2\/types\/post"}],"author":[{"embeddable":true,"href":"https:\/\/pdt-rj.org.br\/index.php\/wp-json\/wp\/v2\/users\/17"}],"replies":[{"embeddable":true,"href":"https:\/\/pdt-rj.org.br\/index.php\/wp-json\/wp\/v2\/comments?post=60344"}],"version-history":[{"count":1,"href":"https:\/\/pdt-rj.org.br\/index.php\/wp-json\/wp\/v2\/posts\/60344\/revisions"}],"predecessor-version":[{"id":60346,"href":"https:\/\/pdt-rj.org.br\/index.php\/wp-json\/wp\/v2\/posts\/60344\/revisions\/60346"}],"wp:featuredmedia":[{"embeddable":true,"href":"https:\/\/pdt-rj.org.br\/index.php\/wp-json\/wp\/v2\/media\/60345"}],"wp:attachment":[{"href":"https:\/\/pdt-rj.org.br\/index.php\/wp-json\/wp\/v2\/media?parent=60344"}],"wp:term":[{"taxonomy":"category","embeddable":true,"href":"https:\/\/pdt-rj.org.br\/index.php\/wp-json\/wp\/v2\/categories?post=60344"},{"taxonomy":"post_tag","embeddable":true,"href":"https:\/\/pdt-rj.org.br\/index.php\/wp-json\/wp\/v2\/tags?post=60344"}],"curies":[{"name":"wp","href":"https:\/\/api.w.org\/{rel}","templated":true}]}}