{"id":60316,"date":"2018-07-23T15:36:33","date_gmt":"2018-07-23T18:36:33","guid":{"rendered":"http:\/\/pdt-rj.org.br\/?p=60316"},"modified":"2018-08-14T18:11:27","modified_gmt":"2018-08-14T21:11:27","slug":"conheca-os-12-passos-apresentados-por-ciro-gomes-para-mudar-o-brasil","status":"publish","type":"post","link":"https:\/\/pdt-rj.org.br\/index.php\/conheca-os-12-passos-apresentados-por-ciro-gomes-para-mudar-o-brasil\/","title":{"rendered":"Conhe\u00e7a os 12 passos apresentados por Ciro Gomes para mudar o Brasil"},"content":{"rendered":"<p>Ciro Gomes apresentou durante a Conven\u00e7\u00e3o Nacional do PDT, realizada na \u00faltima sexta-feira (20), em Bras\u00edlia, um documento com os 12 passos para mudar o Brasil. Distribu\u00eddo durante a conven\u00e7\u00e3o que oficializou a sua candidatura, o documento conta com diretrizes que visam o debate considerado fundamental para se fazer um Pa\u00eds justo e soberano.<\/p>\n<p>Os 12 passos passam por temas como gera\u00e7\u00e3o de empregos, infraestrutura, meio ambiente, tecnologia, educa\u00e7\u00e3o, sa\u00fade, combate ao crime, programas sociais, cultura, pr\u00e1ticas afirmativas, combate \u00e0 corrup\u00e7\u00e3o e soberania nacional e rela\u00e7\u00f5es exteriores.<\/p>\n<p>A gera\u00e7\u00e3o de empregos \u00e9 o ponto de partida. Ciro defende que para gerar emprego e ocupa\u00e7\u00e3o de forma sustent\u00e1vel \u00e9 preciso adotar uma estrat\u00e9gia planejada, um plano nacional debatido por toda a sociedade, estabelecendo prioridades sociais e econ\u00f4micas.<\/p>\n<p>\u201cReindustrializar o pa\u00eds \u00e9 uma das nossas metas principais, juntamente com o desenvolvimento dos setores de servi\u00e7os intensivos em conhecimento, e ser\u00e1 passo fundamental para o Brasil voltar a crescer e gerar mais empregos duradouros e de qualidade\u201d, aponta o documento.<\/p>\n<p>As a\u00e7\u00f5es tamb\u00e9m prop\u00f5em mudan\u00e7a na carga tribut\u00e1ria e pol\u00edticas de inova\u00e7\u00e3o e est\u00edmulo ao investimento para a retomada dos empregos.<\/p>\n<p>\u201cIsso requer, em um primeiro momento, o acerto das contas do governo, incluindo uma reforma previdenci\u00e1ria (que n\u00e3o afete direitos adquiridos), a redu\u00e7\u00e3o de despesas e uma mudan\u00e7a na composi\u00e7\u00e3o da carga tribut\u00e1ria; uma taxa de juros baixa e uma taxa de c\u00e2mbio competitiva\u201d.<\/p>\n<p>Conhe\u00e7a os 12 Passos para Mudar o Brasil:\u00a0<strong><a href=\"http:\/\/pdt-rj.org.br\/wp-content\/uploads\/2018\/07\/12-Passos-Para-Mudar-o-Brasil.pdf\">12 Passos Para Mudar o Brasil.<\/a><\/strong><\/p>\n<!-- AddThis Advanced Settings generic via filter on the_content --><!-- AddThis Share Buttons generic via filter on the_content -->","protected":false},"excerpt":{"rendered":"<p>Ciro Gomes apresentou durante a Conven\u00e7\u00e3o Nacional do PDT, realizada na \u00faltima sexta-feira (20), em Bras\u00edlia, um documento com os 12 passos para mudar o Brasil. Distribu\u00eddo durante a conven\u00e7\u00e3o que oficializou a sua candidatura, o documento conta com diretrizes que visam o debate considerado fundamental para se fazer um Pa\u00eds justo e soberano. Os&#8230;<!-- AddThis Advanced Settings generic via filter on wp_trim_excerpt --><!-- AddThis Share Buttons generic via filter on wp_trim_excerpt --><\/p>\n","protected":false},"author":17,"featured_media":60317,"comment_status":"closed","ping_status":"closed","sticky":false,"template":"","format":"standard","meta":{"_monsterinsights_skip_tracking":false,"_monsterinsights_sitenote_active":false,"_monsterinsights_sitenote_note":"","_monsterinsights_sitenote_category":0,"_uf_show_specific_survey":0,"_uf_disable_surveys":false,"footnotes":""},"categories":[1390,3029],"tags":[3041,220,436,38],"class_list":["post-60316","post","type-post","status-publish","format-standard","has-post-thumbnail","hentry","category-editorias","category-eleicoes-2018","tag-12-passos-para-mudar-o-brasil","tag-ciro-gomes","tag-geracao-de-emprego","tag-pdt"],"acf":[],"_links":{"self":[{"href":"https:\/\/pdt-rj.org.br\/index.php\/wp-json\/wp\/v2\/posts\/60316","targetHints":{"allow":["GET"]}}],"collection":[{"href":"https:\/\/pdt-rj.org.br\/index.php\/wp-json\/wp\/v2\/posts"}],"about":[{"href":"https:\/\/pdt-rj.org.br\/index.php\/wp-json\/wp\/v2\/types\/post"}],"author":[{"embeddable":true,"href":"https:\/\/pdt-rj.org.br\/index.php\/wp-json\/wp\/v2\/users\/17"}],"replies":[{"embeddable":true,"href":"https:\/\/pdt-rj.org.br\/index.php\/wp-json\/wp\/v2\/comments?post=60316"}],"version-history":[{"count":5,"href":"https:\/\/pdt-rj.org.br\/index.php\/wp-json\/wp\/v2\/posts\/60316\/revisions"}],"predecessor-version":[{"id":60584,"href":"https:\/\/pdt-rj.org.br\/index.php\/wp-json\/wp\/v2\/posts\/60316\/revisions\/60584"}],"wp:featuredmedia":[{"embeddable":true,"href":"https:\/\/pdt-rj.org.br\/index.php\/wp-json\/wp\/v2\/media\/60317"}],"wp:attachment":[{"href":"https:\/\/pdt-rj.org.br\/index.php\/wp-json\/wp\/v2\/media?parent=60316"}],"wp:term":[{"taxonomy":"category","embeddable":true,"href":"https:\/\/pdt-rj.org.br\/index.php\/wp-json\/wp\/v2\/categories?post=60316"},{"taxonomy":"post_tag","embeddable":true,"href":"https:\/\/pdt-rj.org.br\/index.php\/wp-json\/wp\/v2\/tags?post=60316"}],"curies":[{"name":"wp","href":"https:\/\/api.w.org\/{rel}","templated":true}]}}