{"id":60301,"date":"2018-07-20T18:02:11","date_gmt":"2018-07-20T21:02:11","guid":{"rendered":"http:\/\/pdt-rj.org.br\/?p=60301"},"modified":"2018-07-25T14:44:33","modified_gmt":"2018-07-25T17:44:33","slug":"ligia-feliciano-ciro-gomes-e-a-melhor-escolha-pra-melhorar-o-brasil","status":"publish","type":"post","link":"https:\/\/pdt-rj.org.br\/index.php\/ligia-feliciano-ciro-gomes-e-a-melhor-escolha-pra-melhorar-o-brasil\/","title":{"rendered":"L\u00edgia Feliciano: Ciro Gomes \u00e9 a melhor escolha para melhorar o Brasil"},"content":{"rendered":"<p>A pr\u00e9-candidata ao governo da Para\u00edba pelo PDT, L\u00edgia Feliciano(PDT), participou, nessa sexta-feira (20), da XXIV Conven\u00e7\u00e3o Nacional do PDT que homologou o nome de Ciro Gomes como o candidato a presidente da rep\u00fablica, pelo partido.<\/p>\n<p>O evento, que abre o calend\u00e1rio permitido para as conven\u00e7\u00f5es partid\u00e1rias, aconteceu em Bras\u00edlia, na sede nacional da legenda.<\/p>\n<p>L\u00edgia Feliciano falou da import\u00e2ncia de escolher um presidente que d\u00ea um rumo certo ao pa\u00eds.<\/p>\n<p>\u201cCiro \u00e9 experiente, ficha limpa, tem coragem e determina\u00e7\u00e3o para enfrentar os problemas do nosso Brasil, \u00e9 a melhor escolha. Ele \u00e9 nordestino, conhece bem a nossa regi\u00e3o e vai ajudar muito a Para\u00edba\u201d, afirmou.<\/p>\n<p>Ciro Gomes aposta em um programa de 12 propostas para estimular o desenvolvimento do Pa\u00eds, cujas ideias foram apresentadas na Conven\u00e7\u00e3o.<\/p>\n<!-- AddThis Advanced Settings generic via filter on the_content --><!-- AddThis Share Buttons generic via filter on the_content -->","protected":false},"excerpt":{"rendered":"<p>A pr\u00e9-candidata ao governo da Para\u00edba pelo PDT, L\u00edgia Feliciano(PDT), participou, nessa sexta-feira (20), da XXIV Conven\u00e7\u00e3o Nacional do PDT que homologou o nome de Ciro Gomes como o candidato a presidente da rep\u00fablica, pelo partido. O evento, que abre o calend\u00e1rio permitido para as conven\u00e7\u00f5es partid\u00e1rias, aconteceu em Bras\u00edlia, na sede nacional da legenda&#8230;.<!-- AddThis Advanced Settings generic via filter on wp_trim_excerpt --><!-- AddThis Share Buttons generic via filter on wp_trim_excerpt --><\/p>\n","protected":false},"author":17,"featured_media":60302,"comment_status":"closed","ping_status":"closed","sticky":false,"template":"","format":"standard","meta":{"_monsterinsights_skip_tracking":false,"_monsterinsights_sitenote_active":false,"_monsterinsights_sitenote_note":"","_monsterinsights_sitenote_category":0,"_uf_show_specific_survey":0,"_uf_disable_surveys":false,"footnotes":""},"categories":[1390,3029],"tags":[220,3025,2974],"class_list":["post-60301","post","type-post","status-publish","format-standard","has-post-thumbnail","hentry","category-editorias","category-eleicoes-2018","tag-ciro-gomes","tag-convencao-nacional-do-pdt","tag-ligia-feliciano"],"acf":[],"_links":{"self":[{"href":"https:\/\/pdt-rj.org.br\/index.php\/wp-json\/wp\/v2\/posts\/60301","targetHints":{"allow":["GET"]}}],"collection":[{"href":"https:\/\/pdt-rj.org.br\/index.php\/wp-json\/wp\/v2\/posts"}],"about":[{"href":"https:\/\/pdt-rj.org.br\/index.php\/wp-json\/wp\/v2\/types\/post"}],"author":[{"embeddable":true,"href":"https:\/\/pdt-rj.org.br\/index.php\/wp-json\/wp\/v2\/users\/17"}],"replies":[{"embeddable":true,"href":"https:\/\/pdt-rj.org.br\/index.php\/wp-json\/wp\/v2\/comments?post=60301"}],"version-history":[{"count":3,"href":"https:\/\/pdt-rj.org.br\/index.php\/wp-json\/wp\/v2\/posts\/60301\/revisions"}],"predecessor-version":[{"id":60369,"href":"https:\/\/pdt-rj.org.br\/index.php\/wp-json\/wp\/v2\/posts\/60301\/revisions\/60369"}],"wp:featuredmedia":[{"embeddable":true,"href":"https:\/\/pdt-rj.org.br\/index.php\/wp-json\/wp\/v2\/media\/60302"}],"wp:attachment":[{"href":"https:\/\/pdt-rj.org.br\/index.php\/wp-json\/wp\/v2\/media?parent=60301"}],"wp:term":[{"taxonomy":"category","embeddable":true,"href":"https:\/\/pdt-rj.org.br\/index.php\/wp-json\/wp\/v2\/categories?post=60301"},{"taxonomy":"post_tag","embeddable":true,"href":"https:\/\/pdt-rj.org.br\/index.php\/wp-json\/wp\/v2\/tags?post=60301"}],"curies":[{"name":"wp","href":"https:\/\/api.w.org\/{rel}","templated":true}]}}