{"id":60289,"date":"2018-07-17T21:02:38","date_gmt":"2018-07-18T00:02:38","guid":{"rendered":"http:\/\/pdt-rj.org.br\/?p=60289"},"modified":"2018-07-17T21:02:38","modified_gmt":"2018-07-18T00:02:38","slug":"fundacoes-lancam-manifesto-em-defesa-da-soberania-nacional","status":"publish","type":"post","link":"https:\/\/pdt-rj.org.br\/index.php\/fundacoes-lancam-manifesto-em-defesa-da-soberania-nacional\/","title":{"rendered":"Funda\u00e7\u00f5es lan\u00e7am manifesto em defesa da soberania nacional"},"content":{"rendered":"<p>A Funda\u00e7\u00e3o Leonel Brizola \u2013 Alberto Pasqualini (FLB-AP), do PDT, e outras quatro ligadas a partidos de esquerda lan\u00e7aram, nesta ter\u00e7a-feira (3), um manifesto conjunto em defesa da retomada do desenvolvimento do Brasil denominado \u201cPor uma Frente no Parlamento Compromissada com a Reconstru\u00e7\u00e3o e o Desenvolvimento do Brasil\u201d.<\/p>\n<p>Al\u00e9m da FLB-AP, assinam o manifesto as funda\u00e7\u00f5es Jo\u00e3o Mangabeira (PSB), Lauro Campos (PSOL), Maur\u00edcio Grabois (PC do B) e Perseu Abramo (PT). O texto \u00e9 fruto de debates iniciados ano passado, quando as entidades se uniram para a constru\u00e7\u00e3o de pontos em comum para a disputa do Executivo.<\/p>\n<p>De acordo com Manoel Dias, presidente da funda\u00e7\u00e3o pedetrista e um dos principais respons\u00e1veis pela cria\u00e7\u00e3o do manifesto, \u201c\u00e9 fundamental formar essa frente nacionalista e de esquerda para fortalecer um discurso unit\u00e1rio em favor dos trabalhadores, exclu\u00eddos e da soberania nacional\u201d.<\/p>\n<p>O documento objetiva a forma\u00e7\u00e3o da Frente Parlamentar voltado para um Novo Projeto Nacional de Desenvolvimento que prop\u00f5e: a amplia\u00e7\u00e3o e fortalecimento da democracia; um Estado nacional forte, portador de um projeto para a na\u00e7\u00e3o; a defesa da soberania nacional, do patrim\u00f4nio e da economia nacional e da soberania energ\u00e9tica; e o desenvolvimento nacional com inclus\u00e3o social, sustentabilidade ambiental.<\/p>\n<p>Outros pontos que constam no documento defendem a garantia de um desenvolvimento nacional com a reindustrializa\u00e7\u00e3o do Pa\u00eds; a realiza\u00e7\u00e3o de uma reforma tribut\u00e1ria progressiva; o fortalecimento da educa\u00e7\u00e3o como setor estrat\u00e9gico; o restabelecimento de pol\u00edticas p\u00fablicas de redu\u00e7\u00e3o das desigualdades de renda; implementa\u00e7\u00e3o de pol\u00edticas de seguran\u00e7a p\u00fablica como foco na informa\u00e7\u00e3o, tecnologia e gest\u00e3o; o resgate e fortalecimento de pol\u00edticas sociais; a emancipa\u00e7\u00e3o das mulheres; e constru\u00e7\u00e3o de pol\u00edticas de direitos humanos de supera\u00e7\u00e3o dos preconceitos.<\/p>\n<p>Durante o evento, Andr\u00e9 Figueiredo, l\u00edder do PDT na C\u00e2mara, afirmou acreditar que a continuidade da busca de pontos de converg\u00eancia entre partidos de esquerda e movimentos ser\u00e1 crucial para que o pr\u00f3ximo presidente tente barrar os retrocessos do desgoverno Temer: \u201cO que o Congresso tem que fazer \u00e9 resistir. Nosso papel \u00e9 resistir para que o pr\u00f3ximo presidente atue alinhado com o que pensa esta Frente\u201d, concluiu.<\/p>\n<!-- AddThis Advanced Settings generic via filter on the_content --><!-- AddThis Share Buttons generic via filter on the_content -->","protected":false},"excerpt":{"rendered":"<p>A Funda\u00e7\u00e3o Leonel Brizola \u2013 Alberto Pasqualini (FLB-AP), do PDT, e outras quatro ligadas a partidos de esquerda lan\u00e7aram, nesta ter\u00e7a-feira (3), um manifesto conjunto em defesa da retomada do desenvolvimento do Brasil denominado \u201cPor uma Frente no Parlamento Compromissada com a Reconstru\u00e7\u00e3o e o Desenvolvimento do Brasil\u201d. Al\u00e9m da FLB-AP, assinam o manifesto as&#8230;<!-- AddThis Advanced Settings generic via filter on wp_trim_excerpt --><!-- AddThis Share Buttons generic via filter on wp_trim_excerpt --><\/p>\n","protected":false},"author":17,"featured_media":60290,"comment_status":"closed","ping_status":"closed","sticky":false,"template":"","format":"standard","meta":{"_monsterinsights_skip_tracking":false,"_monsterinsights_sitenote_active":false,"_monsterinsights_sitenote_note":"","_monsterinsights_sitenote_category":0,"_uf_show_specific_survey":0,"_uf_disable_surveys":false,"footnotes":""},"categories":[1390,1459,1401],"tags":[34,408,426,591,38],"class_list":["post-60289","post","type-post","status-publish","format-standard","has-post-thumbnail","hentry","category-editorias","category-congresso","category-nacional","tag-andre-figueiredo","tag-flb-ap","tag-fundacao-leonel-brizola-alberto-pasqualini","tag-manoel-dias","tag-pdt"],"acf":[],"_links":{"self":[{"href":"https:\/\/pdt-rj.org.br\/index.php\/wp-json\/wp\/v2\/posts\/60289","targetHints":{"allow":["GET"]}}],"collection":[{"href":"https:\/\/pdt-rj.org.br\/index.php\/wp-json\/wp\/v2\/posts"}],"about":[{"href":"https:\/\/pdt-rj.org.br\/index.php\/wp-json\/wp\/v2\/types\/post"}],"author":[{"embeddable":true,"href":"https:\/\/pdt-rj.org.br\/index.php\/wp-json\/wp\/v2\/users\/17"}],"replies":[{"embeddable":true,"href":"https:\/\/pdt-rj.org.br\/index.php\/wp-json\/wp\/v2\/comments?post=60289"}],"version-history":[{"count":1,"href":"https:\/\/pdt-rj.org.br\/index.php\/wp-json\/wp\/v2\/posts\/60289\/revisions"}],"predecessor-version":[{"id":60291,"href":"https:\/\/pdt-rj.org.br\/index.php\/wp-json\/wp\/v2\/posts\/60289\/revisions\/60291"}],"wp:featuredmedia":[{"embeddable":true,"href":"https:\/\/pdt-rj.org.br\/index.php\/wp-json\/wp\/v2\/media\/60290"}],"wp:attachment":[{"href":"https:\/\/pdt-rj.org.br\/index.php\/wp-json\/wp\/v2\/media?parent=60289"}],"wp:term":[{"taxonomy":"category","embeddable":true,"href":"https:\/\/pdt-rj.org.br\/index.php\/wp-json\/wp\/v2\/categories?post=60289"},{"taxonomy":"post_tag","embeddable":true,"href":"https:\/\/pdt-rj.org.br\/index.php\/wp-json\/wp\/v2\/tags?post=60289"}],"curies":[{"name":"wp","href":"https:\/\/api.w.org\/{rel}","templated":true}]}}