{"id":60239,"date":"2018-07-12T12:40:04","date_gmt":"2018-07-12T15:40:04","guid":{"rendered":"http:\/\/pdt-rj.org.br\/?p=60239"},"modified":"2018-07-12T13:19:44","modified_gmt":"2018-07-12T16:19:44","slug":"pdt-lanca-edital-para-convencao-nacional-em-brasilia","status":"publish","type":"post","link":"https:\/\/pdt-rj.org.br\/index.php\/pdt-lanca-edital-para-convencao-nacional-em-brasilia\/","title":{"rendered":"PDT lan\u00e7a edital para Conven\u00e7\u00e3o Nacional em Bras\u00edlia"},"content":{"rendered":"<p>O presidente nacional do PDT, Carlos Lupi, convoca a todos os membros do Diret\u00f3rio Nacional \u2013 Conselho Pol\u00edtico, presidentes dos movimentos, senadores, deputados federais e estaduais, delegados e presidentes das comiss\u00f5es provis\u00f3rias \u2013 para a Conven\u00e7\u00e3o Nacional do partido, que ser\u00e1 realizada no dia 20 de julho, na Sede Nacional do PDT, em Bras\u00edlia, a partir das 11h.<\/p>\n<p>O encontro ir\u00e1 confirmar o nome de Ciro Gomes \u00e0 presid\u00eancia da Rep\u00fablica nas elei\u00e7\u00f5es de outubro.<\/p>\n<p>Veja o edita:\u00a0<a href=\"http:\/\/pdt-rj.org.br\/wp-content\/uploads\/2018\/07\/Edital-de-Convoca\u00e7\u00e3o-20-de-julho-de-2018.pdf\">Edital de Convoca\u00e7\u00e3o &#8211; 20 de julho de 2018<\/a><\/p>\n<!-- AddThis Advanced Settings generic via filter on the_content --><!-- AddThis Share Buttons generic via filter on the_content -->","protected":false},"excerpt":{"rendered":"<p>O presidente nacional do PDT, Carlos Lupi, convoca a todos os membros do Diret\u00f3rio Nacional \u2013 Conselho Pol\u00edtico, presidentes dos movimentos, senadores, deputados federais e estaduais, delegados e presidentes das comiss\u00f5es provis\u00f3rias \u2013 para a Conven\u00e7\u00e3o Nacional do partido, que ser\u00e1 realizada no dia 20 de julho, na Sede Nacional do PDT, em Bras\u00edlia, a&#8230;<!-- AddThis Advanced Settings generic via filter on wp_trim_excerpt --><!-- AddThis Share Buttons generic via filter on wp_trim_excerpt --><\/p>\n","protected":false},"author":17,"featured_media":60240,"comment_status":"closed","ping_status":"closed","sticky":false,"template":"","format":"standard","meta":{"_monsterinsights_skip_tracking":false,"_monsterinsights_sitenote_active":false,"_monsterinsights_sitenote_note":"","_monsterinsights_sitenote_category":0,"_uf_show_specific_survey":0,"_uf_disable_surveys":false,"footnotes":""},"categories":[975,1401],"tags":[220,3024,348,38],"class_list":["post-60239","post","type-post","status-publish","format-standard","has-post-thumbnail","hentry","category-manchete","category-nacional","tag-ciro-gomes","tag-edital-de-convocacao","tag-eleicoes-2018","tag-pdt"],"acf":[],"_links":{"self":[{"href":"https:\/\/pdt-rj.org.br\/index.php\/wp-json\/wp\/v2\/posts\/60239","targetHints":{"allow":["GET"]}}],"collection":[{"href":"https:\/\/pdt-rj.org.br\/index.php\/wp-json\/wp\/v2\/posts"}],"about":[{"href":"https:\/\/pdt-rj.org.br\/index.php\/wp-json\/wp\/v2\/types\/post"}],"author":[{"embeddable":true,"href":"https:\/\/pdt-rj.org.br\/index.php\/wp-json\/wp\/v2\/users\/17"}],"replies":[{"embeddable":true,"href":"https:\/\/pdt-rj.org.br\/index.php\/wp-json\/wp\/v2\/comments?post=60239"}],"version-history":[{"count":2,"href":"https:\/\/pdt-rj.org.br\/index.php\/wp-json\/wp\/v2\/posts\/60239\/revisions"}],"predecessor-version":[{"id":60246,"href":"https:\/\/pdt-rj.org.br\/index.php\/wp-json\/wp\/v2\/posts\/60239\/revisions\/60246"}],"wp:featuredmedia":[{"embeddable":true,"href":"https:\/\/pdt-rj.org.br\/index.php\/wp-json\/wp\/v2\/media\/60240"}],"wp:attachment":[{"href":"https:\/\/pdt-rj.org.br\/index.php\/wp-json\/wp\/v2\/media?parent=60239"}],"wp:term":[{"taxonomy":"category","embeddable":true,"href":"https:\/\/pdt-rj.org.br\/index.php\/wp-json\/wp\/v2\/categories?post=60239"},{"taxonomy":"post_tag","embeddable":true,"href":"https:\/\/pdt-rj.org.br\/index.php\/wp-json\/wp\/v2\/tags?post=60239"}],"curies":[{"name":"wp","href":"https:\/\/api.w.org\/{rel}","templated":true}]}}