{"id":60208,"date":"2018-07-11T18:42:40","date_gmt":"2018-07-11T21:42:40","guid":{"rendered":"http:\/\/pdt-rj.org.br\/?p=60208"},"modified":"2018-07-11T19:04:10","modified_gmt":"2018-07-11T22:04:10","slug":"acir-gurgacz-e-katia-abreu-apoiam-projeto-que-aumenta-potencia-de-radios-comunitarias","status":"publish","type":"post","link":"https:\/\/pdt-rj.org.br\/index.php\/acir-gurgacz-e-katia-abreu-apoiam-projeto-que-aumenta-potencia-de-radios-comunitarias\/","title":{"rendered":"Acir Gurgacz e K\u00e1tia Abreu apoiam projeto que aumenta pot\u00eancia de r\u00e1dios comunit\u00e1rias"},"content":{"rendered":"<p>Com voto favor\u00e1vel da senadores pedetistas K\u00e1tia Abreu (TO) e Acir Gurgacz (RO), o plen\u00e1rio do Senado aprovou, nessa ter\u00e7a-feira (10), o projeto de lei que prev\u00ea o aumento da pot\u00eancia m\u00e1xima das r\u00e1dios comunit\u00e1rias. Os parlamentares comemoraram a medida que beneficiar\u00e1 emissoras de todo o Pa\u00eds.<\/p>\n<p>O projeto, que seguir\u00e1\u00a0 para an\u00e1lise da C\u00e2mara dos Deputados, estabelece aumento da pot\u00eancia dos atuais 25 Watts para at\u00e9 150 watts, com possibilidade de acesso a dois canais espec\u00edficos, em n\u00edvel nacional, para as emissoras em frequ\u00eancia modulada.<\/p>\n<p>Para Acir Gourgacz, a medida viabiliza o servi\u00e7o de radiodifus\u00e3o em regi\u00f5es rurais, com moradias dispersas, que exigem alcance maior que o atualmente estabelecido, que \u00e9 de at\u00e9 1 km de raio de cobertura.<\/p>\n<p>&#8221; O projeto vai dar condi\u00e7\u00f5es para que as emissoras possam atingir mais munic\u00edpios e moradores de \u00e1reas isoladas, destacou o senador.<\/p>\n<p>J\u00e1 K\u00e1tia Abreu, destacou, durante a vota\u00e7\u00e3o, a import\u00e2ncia das r\u00e1dios voltadas a pequenas comunidades, bairros ou vilas, parabenizou as emissoras tocantinenses e reafirmou seu compromisso em trabalhar em prol do setor. \u201cCumprimento, em nome da Farcom [Federa\u00e7\u00e3o das Associa\u00e7\u00f5es das R\u00e1dios Comunit\u00e1rias do Estado do Tocantins], todos os radialistas, locutores e colaboradores das nossas r\u00e1dios que levam informa\u00e7\u00e3o fidedigna a todos os cantos do estado\u201d, concluiu.<\/p>\n<p>&nbsp;<\/p>\n<!-- AddThis Advanced Settings generic via filter on the_content --><!-- AddThis Share Buttons generic via filter on the_content -->","protected":false},"excerpt":{"rendered":"<p>Com voto favor\u00e1vel da senadores pedetistas K\u00e1tia Abreu (TO) e Acir Gurgacz (RO), o plen\u00e1rio do Senado aprovou, nessa ter\u00e7a-feira (10), o projeto de lei que prev\u00ea o aumento da pot\u00eancia m\u00e1xima das r\u00e1dios comunit\u00e1rias. Os parlamentares comemoraram a medida que beneficiar\u00e1 emissoras de todo o Pa\u00eds. O projeto, que seguir\u00e1\u00a0 para an\u00e1lise da C\u00e2mara&#8230;<!-- AddThis Advanced Settings generic via filter on wp_trim_excerpt --><!-- AddThis Share Buttons generic via filter on wp_trim_excerpt --><\/p>\n","protected":false},"author":17,"featured_media":60210,"comment_status":"closed","ping_status":"closed","sticky":false,"template":"","format":"standard","meta":{"_monsterinsights_skip_tracking":false,"_monsterinsights_sitenote_active":false,"_monsterinsights_sitenote_note":"","_monsterinsights_sitenote_category":0,"_uf_show_specific_survey":0,"_uf_disable_surveys":false,"footnotes":""},"categories":[1390,1459],"tags":[2712,3026,3027,2866,800,3022],"class_list":["post-60208","post","type-post","status-publish","format-standard","has-post-thumbnail","hentry","category-editorias","category-congresso","tag-acir-gourgacz","tag-farcom","tag-federacao-das-associacoes-das-radios-comunitarias-do-estado-do-tocantins","tag-katia-abreu","tag-radiodifusao","tag-radios-comunitarias"],"acf":[],"_links":{"self":[{"href":"https:\/\/pdt-rj.org.br\/index.php\/wp-json\/wp\/v2\/posts\/60208","targetHints":{"allow":["GET"]}}],"collection":[{"href":"https:\/\/pdt-rj.org.br\/index.php\/wp-json\/wp\/v2\/posts"}],"about":[{"href":"https:\/\/pdt-rj.org.br\/index.php\/wp-json\/wp\/v2\/types\/post"}],"author":[{"embeddable":true,"href":"https:\/\/pdt-rj.org.br\/index.php\/wp-json\/wp\/v2\/users\/17"}],"replies":[{"embeddable":true,"href":"https:\/\/pdt-rj.org.br\/index.php\/wp-json\/wp\/v2\/comments?post=60208"}],"version-history":[{"count":6,"href":"https:\/\/pdt-rj.org.br\/index.php\/wp-json\/wp\/v2\/posts\/60208\/revisions"}],"predecessor-version":[{"id":60223,"href":"https:\/\/pdt-rj.org.br\/index.php\/wp-json\/wp\/v2\/posts\/60208\/revisions\/60223"}],"wp:featuredmedia":[{"embeddable":true,"href":"https:\/\/pdt-rj.org.br\/index.php\/wp-json\/wp\/v2\/media\/60210"}],"wp:attachment":[{"href":"https:\/\/pdt-rj.org.br\/index.php\/wp-json\/wp\/v2\/media?parent=60208"}],"wp:term":[{"taxonomy":"category","embeddable":true,"href":"https:\/\/pdt-rj.org.br\/index.php\/wp-json\/wp\/v2\/categories?post=60208"},{"taxonomy":"post_tag","embeddable":true,"href":"https:\/\/pdt-rj.org.br\/index.php\/wp-json\/wp\/v2\/tags?post=60208"}],"curies":[{"name":"wp","href":"https:\/\/api.w.org\/{rel}","templated":true}]}}