{"id":60133,"date":"2018-06-28T18:15:10","date_gmt":"2018-06-28T21:15:10","guid":{"rendered":"http:\/\/pdt-rj.org.br\/?p=60133"},"modified":"2018-07-12T12:32:23","modified_gmt":"2018-07-12T15:32:23","slug":"lupi-defende-tratamento-digno-para-refugiados-em-congresso-da-internacional-socialista","status":"publish","type":"post","link":"https:\/\/pdt-rj.org.br\/index.php\/lupi-defende-tratamento-digno-para-refugiados-em-congresso-da-internacional-socialista\/","title":{"rendered":"Lupi defende tratamento digno para refugiados em congresso da Internacional Socialista"},"content":{"rendered":"<p>O presidente nacional do PDT, Carlos Lupi, participou do congresso anual da Internacional Socialista (IS) em Genebra, Su\u00ed\u00e7a, no in\u00edcio desta semana. Lupi \u00e9, atualmente, vice-presidente da organiza\u00e7\u00e3o, que re\u00fane partidos de esquerda de diferentes pa\u00edses para a elabora\u00e7\u00e3o de uma agenda comum em defesa do socialismo democr\u00e1tico.<\/p>\n<p>Um dos principais temas do congresso foi a quest\u00e3o migrat\u00f3ria no mundo, em especial a pol\u00edtica de &#8220;toler\u00e2ncia zero&#8221; do governo norte-americano em rela\u00e7\u00e3o aos imigrantes ilegais. O congresso condenou veementemente a atitude do governo de Donald Trump, que separou crian\u00e7as dos pais que haviam atravessado a fronteira do pa\u00eds ilegalmente.<\/p>\n<p>Lupi deu a sua contribui\u00e7\u00e3o ao tema defendendo que os refugiados sejam tratados em condi\u00e7\u00f5es mais dignas.<\/p>\n<p>\u201cO maior lucro que uma na\u00e7\u00e3o pode ter \u00e9 ver o ser humano feliz. O imigrante foi a forma\u00e7\u00e3o da humanidade e a eles devemos a forma\u00e7\u00e3o da nossa p\u00e1tria. Essa \u00e9 a diferen\u00e7a para a Internacional Socialista: ver o imigrante como um ser humano, um cidad\u00e3o do mundo\u201d, concluiu Lupi.<\/p>\n<!-- AddThis Advanced Settings generic via filter on the_content --><!-- AddThis Share Buttons generic via filter on the_content -->","protected":false},"excerpt":{"rendered":"<p>O presidente nacional do PDT, Carlos Lupi, participou do congresso anual da Internacional Socialista (IS) em Genebra, Su\u00ed\u00e7a, no in\u00edcio desta semana. Lupi \u00e9, atualmente, vice-presidente da organiza\u00e7\u00e3o, que re\u00fane partidos de esquerda de diferentes pa\u00edses para a elabora\u00e7\u00e3o de uma agenda comum em defesa do socialismo democr\u00e1tico. Um dos principais temas do congresso foi&#8230;<!-- AddThis Advanced Settings generic via filter on wp_trim_excerpt --><!-- AddThis Share Buttons generic via filter on wp_trim_excerpt --><\/p>\n","protected":false},"author":17,"featured_media":60134,"comment_status":"closed","ping_status":"closed","sticky":false,"template":"","format":"standard","meta":{"_monsterinsights_skip_tracking":false,"_monsterinsights_sitenote_active":false,"_monsterinsights_sitenote_note":"","_monsterinsights_sitenote_category":0,"_uf_show_specific_survey":0,"_uf_disable_surveys":false,"footnotes":""},"categories":[1390,3030,975],"tags":[196,3009,54,500,38,3008],"class_list":["post-60133","post","type-post","status-publish","format-standard","has-post-thumbnail","hentry","category-editorias","category-internacional","category-manchete","tag-carlos-lupi","tag-dignidade","tag-direitos-humanos","tag-internacional-socialista","tag-pdt","tag-refugiados"],"acf":[],"_links":{"self":[{"href":"https:\/\/pdt-rj.org.br\/index.php\/wp-json\/wp\/v2\/posts\/60133","targetHints":{"allow":["GET"]}}],"collection":[{"href":"https:\/\/pdt-rj.org.br\/index.php\/wp-json\/wp\/v2\/posts"}],"about":[{"href":"https:\/\/pdt-rj.org.br\/index.php\/wp-json\/wp\/v2\/types\/post"}],"author":[{"embeddable":true,"href":"https:\/\/pdt-rj.org.br\/index.php\/wp-json\/wp\/v2\/users\/17"}],"replies":[{"embeddable":true,"href":"https:\/\/pdt-rj.org.br\/index.php\/wp-json\/wp\/v2\/comments?post=60133"}],"version-history":[{"count":4,"href":"https:\/\/pdt-rj.org.br\/index.php\/wp-json\/wp\/v2\/posts\/60133\/revisions"}],"predecessor-version":[{"id":60238,"href":"https:\/\/pdt-rj.org.br\/index.php\/wp-json\/wp\/v2\/posts\/60133\/revisions\/60238"}],"wp:featuredmedia":[{"embeddable":true,"href":"https:\/\/pdt-rj.org.br\/index.php\/wp-json\/wp\/v2\/media\/60134"}],"wp:attachment":[{"href":"https:\/\/pdt-rj.org.br\/index.php\/wp-json\/wp\/v2\/media?parent=60133"}],"wp:term":[{"taxonomy":"category","embeddable":true,"href":"https:\/\/pdt-rj.org.br\/index.php\/wp-json\/wp\/v2\/categories?post=60133"},{"taxonomy":"post_tag","embeddable":true,"href":"https:\/\/pdt-rj.org.br\/index.php\/wp-json\/wp\/v2\/tags?post=60133"}],"curies":[{"name":"wp","href":"https:\/\/api.w.org\/{rel}","templated":true}]}}