{"id":59967,"date":"2018-06-20T17:34:17","date_gmt":"2018-06-20T20:34:17","guid":{"rendered":"http:\/\/pdt-rj.org.br\/?p=59967"},"modified":"2018-06-20T19:54:55","modified_gmt":"2018-06-20T22:54:55","slug":"andre-figueiredo-denuncia-a-gravidade-do-projeto-de-exploracao-do-pre-sal","status":"publish","type":"post","link":"https:\/\/pdt-rj.org.br\/index.php\/andre-figueiredo-denuncia-a-gravidade-do-projeto-de-exploracao-do-pre-sal\/","title":{"rendered":"Andr\u00e9 Figueiredo denuncia a gravidade do projeto de explora\u00e7\u00e3o do pr\u00e9-sal"},"content":{"rendered":"<p>O deputado federal Andr\u00e9 Figueiredo (PDT-CE), l\u00edder do PDT na C\u00e2mara, denunciou a gravidade das consequ\u00eancias do Projeto de Lei 8939\/17, que permite \u00e0 Petrobras negociar at\u00e9 70% de seus direitos de explora\u00e7\u00e3o de petr\u00f3leo em \u00e1reas de campos do pr\u00e9-sal em favor petroleiras estrangeiras.<\/p>\n<p>Um esc\u00e2ndalo que lesa os brasileiros e contribuir\u00e1 para que a pol\u00edtica de pre\u00e7o dos combust\u00edveis continue a atender aos interesses de grandes grupos econ\u00f4micos internacionais.<\/p>\n<p>&#8220;Vamos discutir melhor esse projeto. N\u00e3o podemos fazer, em absoluto, algo que seja extremamente lesivo \u00e0 Na\u00e7\u00e3o brasileira, como a maneira como est\u00e1 sendo tratado esse projeto de lei, que, aqui, felizmente, estamos conseguindo obstruir, e esperamos dar continuidade \u00e0 essa obstru\u00e7\u00e3o, para que n\u00e3o tragamos esse grande preju\u00edzo para a Na\u00e7\u00e3o brasileira&#8221;, avisa Andr\u00e9 Figueiredo.<\/p>\n<p>O deputado federal Chico d&#8217;Angelo (PDT-RJ), tamb\u00e9m reafirmou ontem a posi\u00e7\u00e3o contr\u00e1ria o PDT Contr\u00e1ria ao PL 8939\/17, que visa permitir \u00e0 Petrobras vender at\u00e9 70% das \u00e1reas da cess\u00e3o onerosa no pr\u00e9-sal.<\/p>\n<p>Confira o pronunciamento de Andr\u00e9 Figueiredo:<\/p>\n<p><iframe loading=\"lazy\" title=\"Andr\u00e9 Figueiredo denuncia gravidade do projeto de explora\u00e7\u00e3o do pr\u00e9-sal\" width=\"640\" height=\"360\" src=\"https:\/\/www.youtube.com\/embed\/DQOnEXX7Juc?feature=oembed\" frameborder=\"0\" allow=\"accelerometer; autoplay; clipboard-write; encrypted-media; gyroscope; picture-in-picture; web-share\" referrerpolicy=\"strict-origin-when-cross-origin\" allowfullscreen><\/iframe><\/p>\n<p>&nbsp;<\/p>\n<!-- AddThis Advanced Settings generic via filter on the_content --><!-- AddThis Share Buttons generic via filter on the_content -->","protected":false},"excerpt":{"rendered":"<p>O deputado federal Andr\u00e9 Figueiredo (PDT-CE), l\u00edder do PDT na C\u00e2mara, denunciou a gravidade das consequ\u00eancias do Projeto de Lei 8939\/17, que permite \u00e0 Petrobras negociar at\u00e9 70% de seus direitos de explora\u00e7\u00e3o de petr\u00f3leo em \u00e1reas de campos do pr\u00e9-sal em favor petroleiras estrangeiras. Um esc\u00e2ndalo que lesa os brasileiros e contribuir\u00e1 para que&#8230;<!-- AddThis Advanced Settings generic via filter on wp_trim_excerpt --><!-- AddThis Share Buttons generic via filter on wp_trim_excerpt --><\/p>\n","protected":false},"author":17,"featured_media":59970,"comment_status":"closed","ping_status":"closed","sticky":false,"template":"","format":"standard","meta":{"_monsterinsights_skip_tracking":false,"_monsterinsights_sitenote_active":false,"_monsterinsights_sitenote_note":"","_monsterinsights_sitenote_category":0,"_uf_show_specific_survey":0,"_uf_disable_surveys":false,"footnotes":""},"categories":[975],"tags":[34,38,718,720,2992,2991],"class_list":["post-59967","post","type-post","status-publish","format-standard","has-post-thumbnail","hentry","category-manchete","tag-andre-figueiredo","tag-pdt","tag-petrobras","tag-petroleo","tag-politica-de-preco-dos-combustiveis","tag-projeto-de-lei-8939-17"],"acf":[],"_links":{"self":[{"href":"https:\/\/pdt-rj.org.br\/index.php\/wp-json\/wp\/v2\/posts\/59967","targetHints":{"allow":["GET"]}}],"collection":[{"href":"https:\/\/pdt-rj.org.br\/index.php\/wp-json\/wp\/v2\/posts"}],"about":[{"href":"https:\/\/pdt-rj.org.br\/index.php\/wp-json\/wp\/v2\/types\/post"}],"author":[{"embeddable":true,"href":"https:\/\/pdt-rj.org.br\/index.php\/wp-json\/wp\/v2\/users\/17"}],"replies":[{"embeddable":true,"href":"https:\/\/pdt-rj.org.br\/index.php\/wp-json\/wp\/v2\/comments?post=59967"}],"version-history":[{"count":3,"href":"https:\/\/pdt-rj.org.br\/index.php\/wp-json\/wp\/v2\/posts\/59967\/revisions"}],"predecessor-version":[{"id":59974,"href":"https:\/\/pdt-rj.org.br\/index.php\/wp-json\/wp\/v2\/posts\/59967\/revisions\/59974"}],"wp:featuredmedia":[{"embeddable":true,"href":"https:\/\/pdt-rj.org.br\/index.php\/wp-json\/wp\/v2\/media\/59970"}],"wp:attachment":[{"href":"https:\/\/pdt-rj.org.br\/index.php\/wp-json\/wp\/v2\/media?parent=59967"}],"wp:term":[{"taxonomy":"category","embeddable":true,"href":"https:\/\/pdt-rj.org.br\/index.php\/wp-json\/wp\/v2\/categories?post=59967"},{"taxonomy":"post_tag","embeddable":true,"href":"https:\/\/pdt-rj.org.br\/index.php\/wp-json\/wp\/v2\/tags?post=59967"}],"curies":[{"name":"wp","href":"https:\/\/api.w.org\/{rel}","templated":true}]}}