{"id":59956,"date":"2018-06-19T18:35:48","date_gmt":"2018-06-19T21:35:48","guid":{"rendered":"http:\/\/pdt-rj.org.br\/?p=59956"},"modified":"2018-07-12T15:22:18","modified_gmt":"2018-07-12T18:22:18","slug":"eleicoes-2018-atencao-aos-prazos-e-regras-para-registro-de-candidaturas","status":"publish","type":"post","link":"https:\/\/pdt-rj.org.br\/index.php\/eleicoes-2018-atencao-aos-prazos-e-regras-para-registro-de-candidaturas\/","title":{"rendered":"Elei\u00e7\u00f5es 2018 \u2013 Aten\u00e7\u00e3o aos prazos e regras para o registro de candidaturas"},"content":{"rendered":"<p>A Consultoria Jur\u00eddica do PDT alerta os pr\u00e9-candidatos que concorrer\u00e3o nas elei\u00e7\u00f5es de 2018, que ser\u00e1 realizada no dia 07 de outubro (primeiro turno) e 28 de outubro (segundo turno), para que fiquem atentos quanto aos prazos de registro de suas candidaturas junto \u00e0 Justi\u00e7a Eleitoral.<\/p>\n<p>De acordo com o C\u00f3digo Eleitoral (art. 89, I e II), os candidatos a presidente e vice-presidente da Rep\u00fablica ser\u00e3o registrados no Tribunal Superior Eleitoral (TSE). J\u00e1 os candidatos a governador e vice-governador, a senador e respectivos suplentes, e a deputado federal, estadual ou distrital devem ser registradas nos tribunais regionais eleitorais.<\/p>\n<p>Para que se possa agilizar e concretizar o pedido de forma isenta de v\u00edcios, em tempo razo\u00e1vel e dentro do prazo previsto na legisla\u00e7\u00e3o eleitoral, \u00e9 importante observar a rela\u00e7\u00e3o de certid\u00f5es e documentos exigidos para os requerimentos de registro de candidaturas, dispon\u00edveis no link abaixo.<\/p>\n<p>Alertamos tamb\u00e9m para que os pr\u00e9-candidatos observem os artigos 21 a 31 da Resolu\u00e7\u00e3o TSE n\u00ba 23.548\/17, tamb\u00e9m apresentados no link abaixo.<\/p>\n<p><a href=\"http:\/\/pdt-rj.org.br\/wp-content\/uploads\/2018\/06\/Compila\u00e7\u00e3o-Documentos-Elei\u00e7\u00f5es-2018.pdf\">Compila\u00e7\u00e3o Documentos &#8211; Elei\u00e7\u00f5es 2018<\/a><\/p>\n<!-- AddThis Advanced Settings generic via filter on the_content --><!-- AddThis Share Buttons generic via filter on the_content -->","protected":false},"excerpt":{"rendered":"<p>A Consultoria Jur\u00eddica do PDT alerta os pr\u00e9-candidatos que concorrer\u00e3o nas elei\u00e7\u00f5es de 2018, que ser\u00e1 realizada no dia 07 de outubro (primeiro turno) e 28 de outubro (segundo turno), para que fiquem atentos quanto aos prazos de registro de suas candidaturas junto \u00e0 Justi\u00e7a Eleitoral. De acordo com o C\u00f3digo Eleitoral (art. 89, I&#8230;<!-- AddThis Advanced Settings generic via filter on wp_trim_excerpt --><!-- AddThis Share Buttons generic via filter on wp_trim_excerpt --><\/p>\n","protected":false},"author":17,"featured_media":53694,"comment_status":"closed","ping_status":"closed","sticky":false,"template":"","format":"standard","meta":{"_monsterinsights_skip_tracking":false,"_monsterinsights_sitenote_active":false,"_monsterinsights_sitenote_note":"","_monsterinsights_sitenote_category":0,"_uf_show_specific_survey":0,"_uf_disable_surveys":false,"footnotes":""},"categories":[1390,3029,1401],"tags":[3005,348,535,38,2990,3004],"class_list":["post-59956","post","type-post","status-publish","format-standard","has-post-thumbnail","hentry","category-editorias","category-eleicoes-2018","category-nacional","tag-consultoria-juridica-do-pdt","tag-eleicoes-2018","tag-justica-eleitoral","tag-pdt","tag-registro-de-candidaturas","tag-resolucao-tse"],"acf":[],"_links":{"self":[{"href":"https:\/\/pdt-rj.org.br\/index.php\/wp-json\/wp\/v2\/posts\/59956","targetHints":{"allow":["GET"]}}],"collection":[{"href":"https:\/\/pdt-rj.org.br\/index.php\/wp-json\/wp\/v2\/posts"}],"about":[{"href":"https:\/\/pdt-rj.org.br\/index.php\/wp-json\/wp\/v2\/types\/post"}],"author":[{"embeddable":true,"href":"https:\/\/pdt-rj.org.br\/index.php\/wp-json\/wp\/v2\/users\/17"}],"replies":[{"embeddable":true,"href":"https:\/\/pdt-rj.org.br\/index.php\/wp-json\/wp\/v2\/comments?post=59956"}],"version-history":[{"count":9,"href":"https:\/\/pdt-rj.org.br\/index.php\/wp-json\/wp\/v2\/posts\/59956\/revisions"}],"predecessor-version":[{"id":60261,"href":"https:\/\/pdt-rj.org.br\/index.php\/wp-json\/wp\/v2\/posts\/59956\/revisions\/60261"}],"wp:featuredmedia":[{"embeddable":true,"href":"https:\/\/pdt-rj.org.br\/index.php\/wp-json\/wp\/v2\/media\/53694"}],"wp:attachment":[{"href":"https:\/\/pdt-rj.org.br\/index.php\/wp-json\/wp\/v2\/media?parent=59956"}],"wp:term":[{"taxonomy":"category","embeddable":true,"href":"https:\/\/pdt-rj.org.br\/index.php\/wp-json\/wp\/v2\/categories?post=59956"},{"taxonomy":"post_tag","embeddable":true,"href":"https:\/\/pdt-rj.org.br\/index.php\/wp-json\/wp\/v2\/tags?post=59956"}],"curies":[{"name":"wp","href":"https:\/\/api.w.org\/{rel}","templated":true}]}}