{"id":59926,"date":"2018-06-16T02:06:01","date_gmt":"2018-06-16T05:06:01","guid":{"rendered":"http:\/\/pdt-rj.org.br\/?p=59926"},"modified":"2018-06-21T17:08:47","modified_gmt":"2018-06-21T20:08:47","slug":"assis-do-couto-pede-a-saida-de-blairo-maggi-do-ministerio-da-agricultura","status":"publish","type":"post","link":"https:\/\/pdt-rj.org.br\/index.php\/assis-do-couto-pede-a-saida-de-blairo-maggi-do-ministerio-da-agricultura\/","title":{"rendered":"Assis do Couto pede a sa\u00edda de Blairo Maggi do Minist\u00e9rio da Agricultura"},"content":{"rendered":"<p>A falta de pol\u00edticas que amenizem a crise gerada pelos embargos da Uni\u00e3o Europeia \u00e0 importa\u00e7\u00e3o de carne de aves brasileira, bem como o processo de desindustrializa\u00e7\u00e3o do setor de Agricultura e Pecu\u00e1ria levaram o deputado federal Assis do Couto (PDT-PR) a pedir a sa\u00edda do ministro Blairo Maggi do cargo. O parlamentar criticou duramente a atua\u00e7\u00e3o do ministro e apresentou um requerimento convocando Blairo Maggi a comparecer na Comiss\u00e3o de Agricultura, Pecu\u00e1ria, Abastecimento e Desenvolvimento Rural (CAPADR) da C\u00e2mara.<\/p>\n<p>\u201cO ministro Blairo Maggi \u00e9 o principal respons\u00e1vel pelo que est\u00e1 acontecendo no Pa\u00eds, na Agricultura e na Pecu\u00e1ria Brasileira, e deveria refletir se deve ou n\u00e3o continuar na pasta, porque o setor est\u00e1 passando por um momento de extrema dificuldade. N\u00e3o no setor de gr\u00e3os, de <em>commodities<\/em>, mas no setor de industrializados, de carne em especial, por falta de pol\u00edticas, por falta de governo. Eu tenho convic\u00e7\u00e3o de que o atual ministro n\u00e3o representa um Brasil que quer e precisa se industrializar\u201d, afirmou o parlamentar.<\/p>\n<p>Assis do Couto ressaltou que, antes mesmo da Uni\u00e3o Europeia anunciar oficialmente os embargos \u00e0 carne de aves brasileira, solicitou a cria\u00e7\u00e3o de uma Comiss\u00e3o Externa na C\u00e2mara para avaliar a situa\u00e7\u00e3o. Por\u00e9m, ap\u00f3s a constitui\u00e7\u00e3o da Comiss\u00e3o Externa, da qual ele \u00e9 coordenador, decidiu-se pela cria\u00e7\u00e3o de uma Comiss\u00e3o Especial destinada a estudar e formular proposi\u00e7\u00f5es relacionadas ao embargo \u00e0 importa\u00e7\u00e3o. Por\u00e9m, at\u00e9 o momento, a Comiss\u00e3o Especial n\u00e3o foi constitu\u00edda porque muitos partidos ainda n\u00e3o indicaram os membros para compor.<\/p>\n<p>\u201cAgora, al\u00e9m da Uni\u00e3o Europeia, tivemos mais uma decis\u00e3o da China de taxar a importa\u00e7\u00e3o de carne de aves entre 18% e 38%. V\u00e3o quebrar o setor. Onde est\u00e1 o governo? Onde est\u00e1 o Ministro? E n\u00f3s, esta Comiss\u00e3o ou o Congresso Nacional est\u00e1 omisso. Se n\u00f3s n\u00e3o conseguimos instalar uma Comiss\u00e3o Especial diante de t\u00e3o grave problema, h\u00e1 sim uma omiss\u00e3o desse Congresso\u201d, frisou Assis.<\/p>\n<p>Por fim, o parlamentar afirmou que, caso a Comiss\u00e3o Especial n\u00e3o seja constitu\u00edda de forma urgente, vai dar seguimento nos trabalhos da Comiss\u00e3o Externa, que conta inclusive com uma programa\u00e7\u00e3o j\u00e1 definida. \u201cFicamos aguardando a Comiss\u00e3o Especial entrar em funcionamento para extingu\u00ed-la, mas como a comiss\u00e3o Especial n\u00e3o foi instalada n\u00f3s podemos dar andamento na Comiss\u00e3o Externa para fazer algo\u201d, afirmou ao ressaltar que a Comiss\u00e3o Externa espera, h\u00e1 mais de 30 dias, a resposta a um of\u00edcio encaminhado ao ministro Blairo Maggi atrav\u00e9s do qual solicita informa\u00e7\u00f5es a respeito dos embargos.<\/p>\n<p>\u201cSe depender deste parlamentar, homem p\u00fablico e tamb\u00e9m agricultor familiar, o bom seria que o ministro pedisse o bon\u00e9 e deixasse o Minist\u00e9rio. T\u00e1 bom para ele, que \u00e9 um dos maiores exportadores de gr\u00e3os do Pa\u00eds, ele n\u00e3o depende da exporta\u00e7\u00e3o de frango. O frango agrega valor, o frango gera emprego, o frango gera desenvolvimento como o peru e outras carnes processadas. E n\u00f3s temos um ministro que s\u00f3 v\u00ea na sua frente exporta\u00e7\u00e3o de gr\u00e3os, de commodities, de mat\u00e9ria-prima\u201d, ressaltou Assis.<\/p>\n<p>&nbsp;<\/p>\n<!-- AddThis Advanced Settings generic via filter on the_content --><!-- AddThis Share Buttons generic via filter on the_content -->","protected":false},"excerpt":{"rendered":"<p>A falta de pol\u00edticas que amenizem a crise gerada pelos embargos da Uni\u00e3o Europeia \u00e0 importa\u00e7\u00e3o de carne de aves brasileira, bem como o processo de desindustrializa\u00e7\u00e3o do setor de Agricultura e Pecu\u00e1ria levaram o deputado federal Assis do Couto (PDT-PR) a pedir a sa\u00edda do ministro Blairo Maggi do cargo. O parlamentar criticou duramente&#8230;<!-- AddThis Advanced Settings generic via filter on wp_trim_excerpt --><!-- AddThis Share Buttons generic via filter on wp_trim_excerpt --><\/p>\n","protected":false},"author":17,"featured_media":59928,"comment_status":"closed","ping_status":"closed","sticky":false,"template":"","format":"standard","meta":{"_monsterinsights_skip_tracking":false,"_monsterinsights_sitenote_active":false,"_monsterinsights_sitenote_note":"","_monsterinsights_sitenote_category":0,"_uf_show_specific_survey":0,"_uf_disable_surveys":false,"footnotes":""},"categories":[1390,1459],"tags":[101,2984,137,2903,1776],"class_list":["post-59926","post","type-post","status-publish","format-standard","has-post-thumbnail","hentry","category-editorias","category-congresso","tag-agricultor-familiar","tag-agricultura","tag-assis-do-couto","tag-exportacao","tag-uniao-europeia"],"acf":[],"_links":{"self":[{"href":"https:\/\/pdt-rj.org.br\/index.php\/wp-json\/wp\/v2\/posts\/59926","targetHints":{"allow":["GET"]}}],"collection":[{"href":"https:\/\/pdt-rj.org.br\/index.php\/wp-json\/wp\/v2\/posts"}],"about":[{"href":"https:\/\/pdt-rj.org.br\/index.php\/wp-json\/wp\/v2\/types\/post"}],"author":[{"embeddable":true,"href":"https:\/\/pdt-rj.org.br\/index.php\/wp-json\/wp\/v2\/users\/17"}],"replies":[{"embeddable":true,"href":"https:\/\/pdt-rj.org.br\/index.php\/wp-json\/wp\/v2\/comments?post=59926"}],"version-history":[{"count":4,"href":"https:\/\/pdt-rj.org.br\/index.php\/wp-json\/wp\/v2\/posts\/59926\/revisions"}],"predecessor-version":[{"id":60083,"href":"https:\/\/pdt-rj.org.br\/index.php\/wp-json\/wp\/v2\/posts\/59926\/revisions\/60083"}],"wp:featuredmedia":[{"embeddable":true,"href":"https:\/\/pdt-rj.org.br\/index.php\/wp-json\/wp\/v2\/media\/59928"}],"wp:attachment":[{"href":"https:\/\/pdt-rj.org.br\/index.php\/wp-json\/wp\/v2\/media?parent=59926"}],"wp:term":[{"taxonomy":"category","embeddable":true,"href":"https:\/\/pdt-rj.org.br\/index.php\/wp-json\/wp\/v2\/categories?post=59926"},{"taxonomy":"post_tag","embeddable":true,"href":"https:\/\/pdt-rj.org.br\/index.php\/wp-json\/wp\/v2\/tags?post=59926"}],"curies":[{"name":"wp","href":"https:\/\/api.w.org\/{rel}","templated":true}]}}