{"id":59893,"date":"2018-06-14T12:51:17","date_gmt":"2018-06-14T15:51:17","guid":{"rendered":"http:\/\/pdt-rj.org.br\/?p=59893"},"modified":"2018-06-14T18:14:26","modified_gmt":"2018-06-14T21:14:26","slug":"ligia-feliciano-recebe-apoio-de-ciro-gomes-e-chama-a-populacao-para-encontro-do-pdt-na-paraiba","status":"publish","type":"post","link":"https:\/\/pdt-rj.org.br\/index.php\/ligia-feliciano-recebe-apoio-de-ciro-gomes-e-chama-a-populacao-para-encontro-do-pdt-na-paraiba\/","title":{"rendered":"L\u00edgia Feliciano recebe apoio de Ciro Gomes e convida popula\u00e7\u00e3o para Encontro do PDT na Para\u00edba"},"content":{"rendered":"<p>A vice-governadora da Para\u00edba e pr\u00e9-candidata ao governo, L\u00edgia Feliciano (PDT), esteve em Bras\u00edlia nessa quarta-feira (13) e encontrou o presidenci\u00e1vel Ciro Gomes (PDT). A pedetista se diz confiante do apoio do seu partido e que a vinda de Ciro para o encontro do PDT, na Para\u00edba, refor\u00e7a o seu nome na chapa majorit\u00e1ria.<\/p>\n<p>Nas redes sociais, Ciro confirmou a presen\u00e7a no estado, incluindo a visita ao Maior S\u00e3o Jo\u00e3o do Mundo, em Campina Grande, na sua agenda.<\/p>\n<p>\u201cEstamos felizes ao ver que Ciro aceitou o nosso convite em participar do Encontro do PDT na Para\u00edba, queremos dar continuidade ao projeto que fa\u00e7o parte no estado, e Ciro concorda com esta ideia, tenho conversado constantemente com ele\u201d, afirmou.<\/p>\n<p>Ciro estar\u00e1 neste s\u00e1bado(16), em Jo\u00e3o Pessoa e Campina Grande, onde conceder\u00e1 entrevista coletiva a imprensa e participar\u00e1 do evento organizado por L\u00edgia Feliciano.<\/p>\n<!-- AddThis Advanced Settings generic via filter on the_content --><!-- AddThis Share Buttons generic via filter on the_content -->","protected":false},"excerpt":{"rendered":"<p>A vice-governadora da Para\u00edba e pr\u00e9-candidata ao governo, L\u00edgia Feliciano (PDT), esteve em Bras\u00edlia nessa quarta-feira (13) e encontrou o presidenci\u00e1vel Ciro Gomes (PDT). A pedetista se diz confiante do apoio do seu partido e que a vinda de Ciro para o encontro do PDT, na Para\u00edba, refor\u00e7a o seu nome na chapa majorit\u00e1ria. Nas&#8230;<!-- AddThis Advanced Settings generic via filter on wp_trim_excerpt --><!-- AddThis Share Buttons generic via filter on wp_trim_excerpt --><\/p>\n","protected":false},"author":17,"featured_media":59894,"comment_status":"closed","ping_status":"closed","sticky":false,"template":"","format":"standard","meta":{"_monsterinsights_skip_tracking":false,"_monsterinsights_sitenote_active":false,"_monsterinsights_sitenote_note":"","_monsterinsights_sitenote_category":0,"_uf_show_specific_survey":0,"_uf_disable_surveys":false,"footnotes":""},"categories":[1390],"tags":[220,2974],"class_list":["post-59893","post","type-post","status-publish","format-standard","has-post-thumbnail","hentry","category-editorias","tag-ciro-gomes","tag-ligia-feliciano"],"acf":[],"_links":{"self":[{"href":"https:\/\/pdt-rj.org.br\/index.php\/wp-json\/wp\/v2\/posts\/59893","targetHints":{"allow":["GET"]}}],"collection":[{"href":"https:\/\/pdt-rj.org.br\/index.php\/wp-json\/wp\/v2\/posts"}],"about":[{"href":"https:\/\/pdt-rj.org.br\/index.php\/wp-json\/wp\/v2\/types\/post"}],"author":[{"embeddable":true,"href":"https:\/\/pdt-rj.org.br\/index.php\/wp-json\/wp\/v2\/users\/17"}],"replies":[{"embeddable":true,"href":"https:\/\/pdt-rj.org.br\/index.php\/wp-json\/wp\/v2\/comments?post=59893"}],"version-history":[{"count":5,"href":"https:\/\/pdt-rj.org.br\/index.php\/wp-json\/wp\/v2\/posts\/59893\/revisions"}],"predecessor-version":[{"id":59911,"href":"https:\/\/pdt-rj.org.br\/index.php\/wp-json\/wp\/v2\/posts\/59893\/revisions\/59911"}],"wp:featuredmedia":[{"embeddable":true,"href":"https:\/\/pdt-rj.org.br\/index.php\/wp-json\/wp\/v2\/media\/59894"}],"wp:attachment":[{"href":"https:\/\/pdt-rj.org.br\/index.php\/wp-json\/wp\/v2\/media?parent=59893"}],"wp:term":[{"taxonomy":"category","embeddable":true,"href":"https:\/\/pdt-rj.org.br\/index.php\/wp-json\/wp\/v2\/categories?post=59893"},{"taxonomy":"post_tag","embeddable":true,"href":"https:\/\/pdt-rj.org.br\/index.php\/wp-json\/wp\/v2\/tags?post=59893"}],"curies":[{"name":"wp","href":"https:\/\/api.w.org\/{rel}","templated":true}]}}