{"id":59853,"date":"2018-06-12T11:40:30","date_gmt":"2018-06-12T14:40:30","guid":{"rendered":"http:\/\/pdt-rj.org.br\/?p=59853"},"modified":"2018-06-21T20:25:08","modified_gmt":"2018-06-21T23:25:08","slug":"pdt-lanca-cartilha-com-regras-eleitorais-para-pre-candidatos","status":"publish","type":"post","link":"https:\/\/pdt-rj.org.br\/index.php\/pdt-lanca-cartilha-com-regras-eleitorais-para-pre-candidatos\/","title":{"rendered":"PDT lan\u00e7a cartilha com regras eleitorais para pr\u00e9-candidatos"},"content":{"rendered":"<p>A Secretaria Nacional do PDT acaba de divulgar material para os pr\u00e9-candidatos do PDT \u00e0s elei\u00e7\u00f5es de outubro. O material destrincha toda a legisla\u00e7\u00e3o eleitoral com base nas novas regras e tra\u00e7a um comparativo com as regras anteriores, ressaltando a import\u00e2ncia de seguir todas as diretrizes apontadas pela Justi\u00e7a Eleitoral.<\/p>\n<p>Para o presidente nacional do PDT, Carlos Lupi, o material \u00e9 de extrema import\u00e2ncia para todos os pr\u00e9-candidatos que concorrer\u00e3o as elei\u00e7\u00f5es de 2018, al\u00e9m dos profissionais que trabalhar\u00e3o nas campanhas pedetistas.<\/p>\n<p>&#8220;As regras eleitorais mudaram e nosso papel \u00e9 seguir todas as premissas da Justi\u00e7a eleitoral. Desta forma, \u00e9 poss\u00edvel evitar qualquer problema futuro que possa comprometer uma posse futura\u201d, afirmou Lupi.<\/p>\n<p>O material pode ser baixado neste link:\u00a0<a href=\"http:\/\/pdt-rj.org.br\/wp-content\/uploads\/2018\/06\/PDT-NAC-Cartilha-Regras-Elei\u00e7\u00f5es-2018.pdf\">PDT NAC &#8211; Cartilha Regras Elei\u00e7\u00f5es 2018<\/a>.<\/p>\n<!-- AddThis Advanced Settings generic via filter on the_content --><!-- AddThis Share Buttons generic via filter on the_content -->","protected":false},"excerpt":{"rendered":"<p>A Secretaria Nacional do PDT acaba de divulgar material para os pr\u00e9-candidatos do PDT \u00e0s elei\u00e7\u00f5es de outubro. O material destrincha toda a legisla\u00e7\u00e3o eleitoral com base nas novas regras e tra\u00e7a um comparativo com as regras anteriores, ressaltando a import\u00e2ncia de seguir todas as diretrizes apontadas pela Justi\u00e7a Eleitoral. Para o presidente nacional do&#8230;<!-- AddThis Advanced Settings generic via filter on wp_trim_excerpt --><!-- AddThis Share Buttons generic via filter on wp_trim_excerpt --><\/p>\n","protected":false},"author":17,"featured_media":59859,"comment_status":"closed","ping_status":"closed","sticky":false,"template":"","format":"standard","meta":{"_monsterinsights_skip_tracking":false,"_monsterinsights_sitenote_active":false,"_monsterinsights_sitenote_note":"","_monsterinsights_sitenote_category":0,"_uf_show_specific_survey":0,"_uf_disable_surveys":false,"footnotes":""},"categories":[1390],"tags":[348,535,548,753],"class_list":["post-59853","post","type-post","status-publish","format-standard","has-post-thumbnail","hentry","category-editorias","tag-eleicoes-2018","tag-justica-eleitoral","tag-legislacao-eleitoral","tag-pre-candidatos"],"acf":[],"_links":{"self":[{"href":"https:\/\/pdt-rj.org.br\/index.php\/wp-json\/wp\/v2\/posts\/59853","targetHints":{"allow":["GET"]}}],"collection":[{"href":"https:\/\/pdt-rj.org.br\/index.php\/wp-json\/wp\/v2\/posts"}],"about":[{"href":"https:\/\/pdt-rj.org.br\/index.php\/wp-json\/wp\/v2\/types\/post"}],"author":[{"embeddable":true,"href":"https:\/\/pdt-rj.org.br\/index.php\/wp-json\/wp\/v2\/users\/17"}],"replies":[{"embeddable":true,"href":"https:\/\/pdt-rj.org.br\/index.php\/wp-json\/wp\/v2\/comments?post=59853"}],"version-history":[{"count":3,"href":"https:\/\/pdt-rj.org.br\/index.php\/wp-json\/wp\/v2\/posts\/59853\/revisions"}],"predecessor-version":[{"id":60104,"href":"https:\/\/pdt-rj.org.br\/index.php\/wp-json\/wp\/v2\/posts\/59853\/revisions\/60104"}],"wp:featuredmedia":[{"embeddable":true,"href":"https:\/\/pdt-rj.org.br\/index.php\/wp-json\/wp\/v2\/media\/59859"}],"wp:attachment":[{"href":"https:\/\/pdt-rj.org.br\/index.php\/wp-json\/wp\/v2\/media?parent=59853"}],"wp:term":[{"taxonomy":"category","embeddable":true,"href":"https:\/\/pdt-rj.org.br\/index.php\/wp-json\/wp\/v2\/categories?post=59853"},{"taxonomy":"post_tag","embeddable":true,"href":"https:\/\/pdt-rj.org.br\/index.php\/wp-json\/wp\/v2\/tags?post=59853"}],"curies":[{"name":"wp","href":"https:\/\/api.w.org\/{rel}","templated":true}]}}