{"id":59842,"date":"2018-06-11T13:41:25","date_gmt":"2018-06-11T16:41:25","guid":{"rendered":"http:\/\/pdt-rj.org.br\/?p=59842"},"modified":"2018-06-11T13:41:25","modified_gmt":"2018-06-11T16:41:25","slug":"ciro-debate-relacoes-entre-brasil-e-argentina-com-liderancas-do-pais-vizinho","status":"publish","type":"post","link":"https:\/\/pdt-rj.org.br\/index.php\/ciro-debate-relacoes-entre-brasil-e-argentina-com-liderancas-do-pais-vizinho\/","title":{"rendered":"Ciro debate rela\u00e7\u00f5es entre Brasil e Argentina com lideran\u00e7as do pa\u00eds vizinho"},"content":{"rendered":"<p>O presidenci\u00e1vel Ciro Gomes cumpriu agenda neste final de semana em Buenos Aires, Argentina, onde esteve com lideran\u00e7as pol\u00edticas e empresariais do pa\u00eds vizinho.<\/p>\n<p>Logo na sexta-feira (8), Ciro se reuniu com a vice-presidente da Argentina, Gabriela Michetti. Na pauta do encontro, foram conversados temas como as rela\u00e7\u00f5es entre o Brasil e a Argentina e como estreitar la\u00e7os para o desenvolvimento das duas na\u00e7\u00f5es.<\/p>\n<p>\u201cDebatemos tamb\u00e9m sobre a situa\u00e7\u00e3o econ\u00f4mica no Mercosul e tamb\u00e9m nossa rela\u00e7\u00e3o com parceiros como a Uni\u00e3o Europ\u00e9ia, Estados Unidos e Brics. Certamente uma rela\u00e7\u00e3o baseada no respeito e coopera\u00e7\u00e3o \u00e9 fundamental\u201d, ressaltou o brasileiro.<\/p>\n<p>A passagem de Ciro por aquele pa\u00eds tamb\u00e9m foi marcada pelo encontro com o deputado argentino Martin Lousteau, no s\u00e1bado (9) pela tarde, ocasi\u00e3o em que conversaram sobre os problemas que o Brasil e a Argentina est\u00e3o vivendo e as solu\u00e7\u00f5es para que as duas na\u00e7\u00f5es voltem a crescer e se desenvolver.<\/p>\n<p>Antes, pela manh\u00e3, se encontrou com Margarita Stobizer e diversos dirigentes da centro-esquerda argentina. \u201cBrasil e Argentina enfrentam problemas semelhantes em diversas \u00e1reas e as solu\u00e7\u00f5es podem ser encontradas em uma parceria verdadeira que pode contribuir para o desenvolvimento de toda a regi\u00e3o\u201d, disse o pedetista.<\/p>\n<p>Outros eventos tamb\u00e9m ocorreram durante a perman\u00eancia de Ciro pela capital da Argentina, como o encontro com empres\u00e1rios do setor agropecu\u00e1rio representados pelo Cons\u00f3rcio Regional de Experimentacion Agricola (CREA) e pelo Grupo de Pa\u00edses Productores del Sur (GPS Latin America).<\/p>\n<p>O delicado momento econ\u00f4mico das duas regi\u00f5es e a import\u00e2ncia do Mercosul para as rela\u00e7\u00f5es comerciais, pol\u00edticas e de desenvolvimento marcaram a pauta do encontro.<\/p>\n<!-- AddThis Advanced Settings generic via filter on the_content --><!-- AddThis Share Buttons generic via filter on the_content -->","protected":false},"excerpt":{"rendered":"<p>O presidenci\u00e1vel Ciro Gomes cumpriu agenda neste final de semana em Buenos Aires, Argentina, onde esteve com lideran\u00e7as pol\u00edticas e empresariais do pa\u00eds vizinho. Logo na sexta-feira (8), Ciro se reuniu com a vice-presidente da Argentina, Gabriela Michetti. Na pauta do encontro, foram conversados temas como as rela\u00e7\u00f5es entre o Brasil e a Argentina e&#8230;<!-- AddThis Advanced Settings generic via filter on wp_trim_excerpt --><!-- AddThis Share Buttons generic via filter on wp_trim_excerpt --><\/p>\n","protected":false},"author":17,"featured_media":59843,"comment_status":"closed","ping_status":"closed","sticky":false,"template":"","format":"standard","meta":{"_monsterinsights_skip_tracking":false,"_monsterinsights_sitenote_active":false,"_monsterinsights_sitenote_note":"","_monsterinsights_sitenote_category":0,"_uf_show_specific_survey":0,"_uf_disable_surveys":false,"footnotes":""},"categories":[976],"tags":[220,294],"class_list":["post-59842","post","type-post","status-publish","format-standard","has-post-thumbnail","hentry","category-noticias-em-destaque","tag-ciro-gomes","tag-desenvolvimento"],"acf":[],"_links":{"self":[{"href":"https:\/\/pdt-rj.org.br\/index.php\/wp-json\/wp\/v2\/posts\/59842","targetHints":{"allow":["GET"]}}],"collection":[{"href":"https:\/\/pdt-rj.org.br\/index.php\/wp-json\/wp\/v2\/posts"}],"about":[{"href":"https:\/\/pdt-rj.org.br\/index.php\/wp-json\/wp\/v2\/types\/post"}],"author":[{"embeddable":true,"href":"https:\/\/pdt-rj.org.br\/index.php\/wp-json\/wp\/v2\/users\/17"}],"replies":[{"embeddable":true,"href":"https:\/\/pdt-rj.org.br\/index.php\/wp-json\/wp\/v2\/comments?post=59842"}],"version-history":[{"count":1,"href":"https:\/\/pdt-rj.org.br\/index.php\/wp-json\/wp\/v2\/posts\/59842\/revisions"}],"predecessor-version":[{"id":59845,"href":"https:\/\/pdt-rj.org.br\/index.php\/wp-json\/wp\/v2\/posts\/59842\/revisions\/59845"}],"wp:featuredmedia":[{"embeddable":true,"href":"https:\/\/pdt-rj.org.br\/index.php\/wp-json\/wp\/v2\/media\/59843"}],"wp:attachment":[{"href":"https:\/\/pdt-rj.org.br\/index.php\/wp-json\/wp\/v2\/media?parent=59842"}],"wp:term":[{"taxonomy":"category","embeddable":true,"href":"https:\/\/pdt-rj.org.br\/index.php\/wp-json\/wp\/v2\/categories?post=59842"},{"taxonomy":"post_tag","embeddable":true,"href":"https:\/\/pdt-rj.org.br\/index.php\/wp-json\/wp\/v2\/tags?post=59842"}],"curies":[{"name":"wp","href":"https:\/\/api.w.org\/{rel}","templated":true}]}}