{"id":59837,"date":"2018-06-07T19:01:50","date_gmt":"2018-06-07T22:01:50","guid":{"rendered":"http:\/\/pdt-rj.org.br\/?p=59837"},"modified":"2018-06-07T19:03:12","modified_gmt":"2018-06-07T22:03:12","slug":"ligia-feliciano-escuta-jovens-em-campina-grande-na-paraiba","status":"publish","type":"post","link":"https:\/\/pdt-rj.org.br\/index.php\/ligia-feliciano-escuta-jovens-em-campina-grande-na-paraiba\/","title":{"rendered":"L\u00edgia Feliciano conversa com jovens em Campina Grande, na Para\u00edba"},"content":{"rendered":"<p>A vice-governadora e pr\u00e9-candidata ao governo, Ligia Feliciano (PDT), recebeu um convite nesta quinta-feira(7), para participar de um encontro de jovens em Campina Grande. A pedetista falou sobre os investimos do governo na educa\u00e7\u00e3o e ouviu as ideias dos estudantes para continuar avan\u00e7ando.\u00a0Para ela, a Para\u00edba est\u00e1 no caminho certo e n\u00e3o pode retroceder.<\/p>\n<p>\u201cTemos que investir nos jovens, eu fiquei muito feliz ao receber este convite, hoje eu ouvi ideias que v\u00e3o ajudar a melhorar a nossa educa\u00e7\u00e3o. Eles, os estudantes, querem mais aten\u00e7\u00e3o\u201d, afirmou.<\/p>\n<p>A estudante Alice Oliveira falou sobre a import\u00e2ncia deste encontro e trouxe a sua sugest\u00e3o. \u201cSair do ar condicionado e escutar os jovens \u00e9 importante, isto \u00e9 raro, como \u00e9 bom saber que a vice-governadora est\u00e1 disposta a nos ouvir. Somos o futuro desta na\u00e7\u00e3o\u201d, complementou.<\/p>\n<p>L\u00edgia diz que vai continuar ouvindo a popula\u00e7\u00e3o, discutindo ideias e formando propostas para melhorar a Para\u00edba. \u201cEu vou continuar pertinho do povo, podemos ter a melhor educa\u00e7\u00e3o deste pa\u00eds, ser refer\u00eancia, eu acredito. Por que n\u00e3o?\u201d, disse.<\/p>\n<!-- AddThis Advanced Settings generic via filter on the_content --><!-- AddThis Share Buttons generic via filter on the_content -->","protected":false},"excerpt":{"rendered":"<p>A vice-governadora e pr\u00e9-candidata ao governo, Ligia Feliciano (PDT), recebeu um convite nesta quinta-feira(7), para participar de um encontro de jovens em Campina Grande. A pedetista falou sobre os investimos do governo na educa\u00e7\u00e3o e ouviu as ideias dos estudantes para continuar avan\u00e7ando.\u00a0Para ela, a Para\u00edba est\u00e1 no caminho certo e n\u00e3o pode retroceder. \u201cTemos&#8230;<!-- AddThis Advanced Settings generic via filter on wp_trim_excerpt --><!-- AddThis Share Buttons generic via filter on wp_trim_excerpt --><\/p>\n","protected":false},"author":17,"featured_media":59838,"comment_status":"closed","ping_status":"closed","sticky":false,"template":"","format":"standard","meta":{"_monsterinsights_skip_tracking":false,"_monsterinsights_sitenote_active":false,"_monsterinsights_sitenote_note":"","_monsterinsights_sitenote_category":0,"_uf_show_specific_survey":0,"_uf_disable_surveys":false,"footnotes":""},"categories":[1390],"tags":[],"class_list":["post-59837","post","type-post","status-publish","format-standard","has-post-thumbnail","hentry","category-editorias"],"acf":[],"_links":{"self":[{"href":"https:\/\/pdt-rj.org.br\/index.php\/wp-json\/wp\/v2\/posts\/59837","targetHints":{"allow":["GET"]}}],"collection":[{"href":"https:\/\/pdt-rj.org.br\/index.php\/wp-json\/wp\/v2\/posts"}],"about":[{"href":"https:\/\/pdt-rj.org.br\/index.php\/wp-json\/wp\/v2\/types\/post"}],"author":[{"embeddable":true,"href":"https:\/\/pdt-rj.org.br\/index.php\/wp-json\/wp\/v2\/users\/17"}],"replies":[{"embeddable":true,"href":"https:\/\/pdt-rj.org.br\/index.php\/wp-json\/wp\/v2\/comments?post=59837"}],"version-history":[{"count":2,"href":"https:\/\/pdt-rj.org.br\/index.php\/wp-json\/wp\/v2\/posts\/59837\/revisions"}],"predecessor-version":[{"id":59840,"href":"https:\/\/pdt-rj.org.br\/index.php\/wp-json\/wp\/v2\/posts\/59837\/revisions\/59840"}],"wp:featuredmedia":[{"embeddable":true,"href":"https:\/\/pdt-rj.org.br\/index.php\/wp-json\/wp\/v2\/media\/59838"}],"wp:attachment":[{"href":"https:\/\/pdt-rj.org.br\/index.php\/wp-json\/wp\/v2\/media?parent=59837"}],"wp:term":[{"taxonomy":"category","embeddable":true,"href":"https:\/\/pdt-rj.org.br\/index.php\/wp-json\/wp\/v2\/categories?post=59837"},{"taxonomy":"post_tag","embeddable":true,"href":"https:\/\/pdt-rj.org.br\/index.php\/wp-json\/wp\/v2\/tags?post=59837"}],"curies":[{"name":"wp","href":"https:\/\/api.w.org\/{rel}","templated":true}]}}