{"id":59815,"date":"2018-06-07T15:22:36","date_gmt":"2018-06-07T18:22:36","guid":{"rendered":"http:\/\/pdt-rj.org.br\/?p=59815"},"modified":"2018-06-19T00:41:37","modified_gmt":"2018-06-19T03:41:37","slug":"fundacao-leonel-brizola-homenageia-luis-carlos-prestes-na-camara-dos-deputados","status":"publish","type":"post","link":"https:\/\/pdt-rj.org.br\/index.php\/fundacao-leonel-brizola-homenageia-luis-carlos-prestes-na-camara-dos-deputados\/","title":{"rendered":"Funda\u00e7\u00e3o Leonel Brizola homenageia Lu\u00eds Carlos Prestes no Congresso Nacional"},"content":{"rendered":"<p>A Funda\u00e7\u00e3o Leonel Brizola \u2013 Alberto Pasqualini (FLB-AP) lan\u00e7ou, nessa quarta-feira (6), uma cartilha em homenagem a vida e a obra pol\u00edtica de Lu\u00eds Carlos Prestes, segundo volume da cole\u00e7\u00e3o \u201cMem\u00f3rias Trabalhistas\u201d. O\u00a0 ato p\u00fablico foi realizado no Sal\u00e3o Verde da C\u00e2mara dos Deputados, com a participa\u00e7\u00e3o do l\u00edder do PDT na Casa, deputado Andr\u00e9 Figueiredo (CE), do presidente da Comiss\u00e3o de Legisla\u00e7\u00e3o Participativa, deputado Pompeo de Mattos (RS), dos deputados Chico d\u2019Angelo (RJ) e Glauber Braga (PSOL-RJ) e representantes da funda\u00e7\u00e3o.<\/p>\n<p>Andr\u00e9 Figueiredo saudou a iniciativa do Centro de Mem\u00f3ria Trabalhista da FLB-AP, que tem homenageado grandes figuras pol\u00edticas do Brasil, e lembrou o epis\u00f3dio que vivenciou, na concha ac\u00fastica da Universidade Federal do Cear\u00e1, na campanha presidencial de 1989, com Prestes. Na ocasi\u00e3o, Prestes esteve na capital cearense falando a estudantes em apoio ao ent\u00e3o candidato a presidente Leonel Brizola.<\/p>\n<p>O l\u00edder destacou que, na cartilha, entre outras informa\u00e7\u00f5es, h\u00e1 declara\u00e7\u00e3o de Brizola pregando a uni\u00e3o das esquerdas \u2013 que n\u00e3o aconteceu \u2013 naquela elei\u00e7\u00e3o, vencida por Collor. \u201cHoje o Brasil vive momento semelhante porque \u00e9 fundamental a uni\u00e3o para que possamos, com Ciro Gomes, ter oportunidade de vivenciar os sonhos e a luta de Brizola\u201d.<\/p>\n<p>Pompeo de Mattos, segundo a falar, se disse honrado em participar da homenagem a Prestes e elogiou o trabalho coordenado por Henrique Matthiesen, daFLB-AP, \u201cpela compreens\u00e3o da grandeza da hist\u00f3ria do Trabalhismo\u201d e tamb\u00e9m aos demais representantes da entidade presentes no ato. Lembrou a import\u00e2ncia da Coluna Prestes na Hist\u00f3ria do Brasil e citou lembran\u00e7as de sua inf\u00e2ncia, na fazenda do seu av\u00f4 na cidade ga\u00facha de Ajuricaba, onde, nos arredores, Prestes passou com sua coluna e travou combates.<\/p>\n<p>Fez quest\u00e3o de destacar tamb\u00e9m que por conta das trajet\u00f3rias pol\u00edticas de Get\u00falio Vargas, Jo\u00e3o Goulart e Leonel Brizola \u2013 o PDT se orgulha de seus mortos. \u201cQuem n\u00e3o cultiva o passado, n\u00e3o vive o presente e n\u00e3o se encontra com o futuro\u201d, encerrou.<\/p>\n<p>Em uma fala r\u00e1pida, Henrique Matthiesen explicou que o primeiro volume da s\u00e9rie \u201cMem\u00f3rias Trabalhistas\u201d foi uma homenagem \u00e0 mem\u00f3ria de Neiva Moreira, fundador do PDT; o segundo estava sendo dedicado a Prestes e que j\u00e1 est\u00e1 no prelo o terceiro volume da s\u00e9rie, com a trajet\u00f3ria pol\u00edtica de Doutel de Andrade. Anunciou ainda que j\u00e1 est\u00e1 em fase de pesquisa e produ\u00e7\u00e3o de textos o quarto volume da s\u00e9rie, sobre Therezinha Zerbini.<\/p>\n<p>Fechando o ato no Sal\u00e3o Verde, o deputado Glauber Braga, do PSOL do Rio de Janeiro, parabenizou o PDT e a funda\u00e7\u00e3o pela homenagem a Prestes \u201cque faz parte da Hist\u00f3ria do Brasil por sua luta pela transforma\u00e7\u00e3o real de nosso pa\u00eds, a mesma luta de Leonel Brizola\u201d. Glauber finalizou:<\/p>\n<p>\u201cNeste momento em que convivemos com a entrega de reservas de petr\u00f3leo, tentativa de desmonte de nosso sistema el\u00e9trico, que falta fazem homens como Lu\u00eds Carlos Prestes e Leonel Brizola. Que falta fazem lutadores e lutadoras que nunca escolheram o lado f\u00e1cil da Hist\u00f3ria. Parabenizo a Funda\u00e7\u00e3o Leonel Brizola \u2013 Alberto Pasqualini pela iniciativa e como parlamentar do PSOL, quero dizer tamb\u00e9m que estamos juntos na luta. E que Prestes e Brizola nos inspirem a ultrapassar este momento t\u00e3o dif\u00edcil de nossa Hist\u00f3ria\u201d.<\/p>\n<!-- AddThis Advanced Settings generic via filter on the_content --><!-- AddThis Share Buttons generic via filter on the_content -->","protected":false},"excerpt":{"rendered":"<p>A Funda\u00e7\u00e3o Leonel Brizola \u2013 Alberto Pasqualini (FLB-AP) lan\u00e7ou, nessa quarta-feira (6), uma cartilha em homenagem a vida e a obra pol\u00edtica de Lu\u00eds Carlos Prestes, segundo volume da cole\u00e7\u00e3o \u201cMem\u00f3rias Trabalhistas\u201d. O\u00a0 ato p\u00fablico foi realizado no Sal\u00e3o Verde da C\u00e2mara dos Deputados, com a participa\u00e7\u00e3o do l\u00edder do PDT na Casa, deputado Andr\u00e9&#8230;<!-- AddThis Advanced Settings generic via filter on wp_trim_excerpt --><!-- AddThis Share Buttons generic via filter on wp_trim_excerpt --><\/p>\n","protected":false},"author":17,"featured_media":59816,"comment_status":"closed","ping_status":"closed","sticky":false,"template":"","format":"standard","meta":{"_monsterinsights_skip_tracking":false,"_monsterinsights_sitenote_active":false,"_monsterinsights_sitenote_note":"","_monsterinsights_sitenote_category":0,"_uf_show_specific_survey":0,"_uf_disable_surveys":false,"footnotes":""},"categories":[1390],"tags":[408,426,437,514,565,2986,2988,746,2987],"class_list":["post-59815","post","type-post","status-publish","format-standard","has-post-thumbnail","hentry","category-editorias","tag-flb-ap","tag-fundacao-leonel-brizola-alberto-pasqualini","tag-getulio-vargas","tag-joao-goulart","tag-leonel-brizola","tag-luis-carlos-prestes","tag-memorias-trabalhistas","tag-pompeo-de-mattos","tag-therezinha-zerbini"],"acf":[],"_links":{"self":[{"href":"https:\/\/pdt-rj.org.br\/index.php\/wp-json\/wp\/v2\/posts\/59815","targetHints":{"allow":["GET"]}}],"collection":[{"href":"https:\/\/pdt-rj.org.br\/index.php\/wp-json\/wp\/v2\/posts"}],"about":[{"href":"https:\/\/pdt-rj.org.br\/index.php\/wp-json\/wp\/v2\/types\/post"}],"author":[{"embeddable":true,"href":"https:\/\/pdt-rj.org.br\/index.php\/wp-json\/wp\/v2\/users\/17"}],"replies":[{"embeddable":true,"href":"https:\/\/pdt-rj.org.br\/index.php\/wp-json\/wp\/v2\/comments?post=59815"}],"version-history":[{"count":4,"href":"https:\/\/pdt-rj.org.br\/index.php\/wp-json\/wp\/v2\/posts\/59815\/revisions"}],"predecessor-version":[{"id":59948,"href":"https:\/\/pdt-rj.org.br\/index.php\/wp-json\/wp\/v2\/posts\/59815\/revisions\/59948"}],"wp:featuredmedia":[{"embeddable":true,"href":"https:\/\/pdt-rj.org.br\/index.php\/wp-json\/wp\/v2\/media\/59816"}],"wp:attachment":[{"href":"https:\/\/pdt-rj.org.br\/index.php\/wp-json\/wp\/v2\/media?parent=59815"}],"wp:term":[{"taxonomy":"category","embeddable":true,"href":"https:\/\/pdt-rj.org.br\/index.php\/wp-json\/wp\/v2\/categories?post=59815"},{"taxonomy":"post_tag","embeddable":true,"href":"https:\/\/pdt-rj.org.br\/index.php\/wp-json\/wp\/v2\/tags?post=59815"}],"curies":[{"name":"wp","href":"https:\/\/api.w.org\/{rel}","templated":true}]}}