{"id":59812,"date":"2018-06-07T13:52:08","date_gmt":"2018-06-07T16:52:08","guid":{"rendered":"http:\/\/pdt-rj.org.br\/?p=59812"},"modified":"2018-06-16T02:17:40","modified_gmt":"2018-06-16T05:17:40","slug":"ciro-defende-criacao-de-sistema-nacional-de-seguranca-publica-em-parceria-com-estados-e-municipios","status":"publish","type":"post","link":"https:\/\/pdt-rj.org.br\/index.php\/ciro-defende-criacao-de-sistema-nacional-de-seguranca-publica-em-parceria-com-estados-e-municipios\/","title":{"rendered":"Ciro defende cria\u00e7\u00e3o de Sistema Nacional de Seguran\u00e7a P\u00fablica em parceria com estados e munic\u00edpios"},"content":{"rendered":"<p>O pr\u00e9-candidato \u00e0 Presid\u00eancia da Rep\u00fablica pelo PDT, Ciro Gomes, defendeu a recria\u00e7\u00e3o do Pacto Federativo que permita a efetiva\u00e7\u00e3o de um Sistema Nacional de Seguran\u00e7a P\u00fablica reunindo Uni\u00e3o, estados e munic\u00edpios. O presidenci\u00e1vel abriu nessa ter\u00e7a-feira (06), o Semin\u00e1rio Internacional sobre Seguran\u00e7a P\u00fablica, realizado pela Assembleia Legislativa do Estado do Cear\u00e1.<\/p>\n<p>\u201c\u00c9 preciso assumir como nacional e priorit\u00e1ria essa quest\u00e3o da seguran\u00e7a. A Uni\u00e3o Federal precisa organizar, em di\u00e1logo com munic\u00edpios e estados, um Sistema Nacional de Seguran\u00e7a e um servi\u00e7o unificado de intelig\u00eancia que traga para a Uni\u00e3o a tarefa de combater em todas as etapas, desde a investiga\u00e7\u00e3o at\u00e9 o julgamento, os crimes praticados pelas fac\u00e7\u00f5es criminosas, pelo narcotr\u00e1fico, lavagem de dinheiro e crimes contra a administra\u00e7\u00e3o p\u00fablica\u201d, defendeu Ciro.<\/p>\n<p>O ex-ministro citou o resultado do Atlas da Viol\u00eancia, divulgado ontem, que apontou 62.517 assassinatos no Brasil em 2016 e avaliou que o que est\u00e1 sendo feito no Brasil n\u00e3o atende \u00e0s expectativas da popula\u00e7\u00e3o, que \u201cleva no cora\u00e7\u00e3o o espinho do medo\u201d. Para Ciro Gomes, \u201co que se convencionou a fazer n\u00e3o est\u00e1 resolvendo\u201d e os n\u00fameros da viol\u00eancia no Pa\u00eds recomendam \u201cum olhar rebelde para as pr\u00e1ticas tradicionais\u201d.<\/p>\n<p>Para viabilizar um novo Pacto Federativo e as melhorias em \u00e1reas como seguran\u00e7a p\u00fablica, sa\u00fade e educa\u00e7\u00e3o, Ciro defendeu que \u00e9 fundamental tirar o Pa\u00eds do estado de fal\u00eancia generalizada das contas do setor p\u00fablico. \u201cH\u00e1 caminhos dentro do estado de direito democr\u00e1tico e das pr\u00e1ticas republicanas para que a gente recelebre essa grave quest\u00e3o do pacto federativo brasileiro em rela\u00e7\u00e3o \u00e0 or\u00e7amenta\u00e7\u00e3o\u201d, afirmou.<\/p>\n<p>Dentre os caminhos apontados, um grande ajuste fiscal, a retomada do desenvolvimento pelo est\u00edmulo \u00e0 reindustrializa\u00e7\u00e3o do Brasil e, na sequ\u00eancia, um grande debate nacional sobre as despesas financeiras com a d\u00edvida, que hoje levam mais de 50% do or\u00e7amento do Pa\u00eds.<\/p>\n<!-- AddThis Advanced Settings generic via filter on the_content --><!-- AddThis Share Buttons generic via filter on the_content -->","protected":false},"excerpt":{"rendered":"<p>O pr\u00e9-candidato \u00e0 Presid\u00eancia da Rep\u00fablica pelo PDT, Ciro Gomes, defendeu a recria\u00e7\u00e3o do Pacto Federativo que permita a efetiva\u00e7\u00e3o de um Sistema Nacional de Seguran\u00e7a P\u00fablica reunindo Uni\u00e3o, estados e munic\u00edpios. O presidenci\u00e1vel abriu nessa ter\u00e7a-feira (06), o Semin\u00e1rio Internacional sobre Seguran\u00e7a P\u00fablica, realizado pela Assembleia Legislativa do Estado do Cear\u00e1. \u201c\u00c9 preciso assumir&#8230;<!-- AddThis Advanced Settings generic via filter on wp_trim_excerpt --><!-- AddThis Share Buttons generic via filter on wp_trim_excerpt --><\/p>\n","protected":false},"author":17,"featured_media":59813,"comment_status":"closed","ping_status":"closed","sticky":false,"template":"","format":"standard","meta":{"_monsterinsights_skip_tracking":false,"_monsterinsights_sitenote_active":false,"_monsterinsights_sitenote_note":"","_monsterinsights_sitenote_category":0,"_uf_show_specific_survey":0,"_uf_disable_surveys":false,"footnotes":""},"categories":[1390],"tags":[220,684,2969],"class_list":["post-59812","post","type-post","status-publish","format-standard","has-post-thumbnail","hentry","category-editorias","tag-ciro-gomes","tag-pacto-federativo","tag-seminario-internacional-sobre-seguranca-publica"],"acf":[],"_links":{"self":[{"href":"https:\/\/pdt-rj.org.br\/index.php\/wp-json\/wp\/v2\/posts\/59812","targetHints":{"allow":["GET"]}}],"collection":[{"href":"https:\/\/pdt-rj.org.br\/index.php\/wp-json\/wp\/v2\/posts"}],"about":[{"href":"https:\/\/pdt-rj.org.br\/index.php\/wp-json\/wp\/v2\/types\/post"}],"author":[{"embeddable":true,"href":"https:\/\/pdt-rj.org.br\/index.php\/wp-json\/wp\/v2\/users\/17"}],"replies":[{"embeddable":true,"href":"https:\/\/pdt-rj.org.br\/index.php\/wp-json\/wp\/v2\/comments?post=59812"}],"version-history":[{"count":3,"href":"https:\/\/pdt-rj.org.br\/index.php\/wp-json\/wp\/v2\/posts\/59812\/revisions"}],"predecessor-version":[{"id":59932,"href":"https:\/\/pdt-rj.org.br\/index.php\/wp-json\/wp\/v2\/posts\/59812\/revisions\/59932"}],"wp:featuredmedia":[{"embeddable":true,"href":"https:\/\/pdt-rj.org.br\/index.php\/wp-json\/wp\/v2\/media\/59813"}],"wp:attachment":[{"href":"https:\/\/pdt-rj.org.br\/index.php\/wp-json\/wp\/v2\/media?parent=59812"}],"wp:term":[{"taxonomy":"category","embeddable":true,"href":"https:\/\/pdt-rj.org.br\/index.php\/wp-json\/wp\/v2\/categories?post=59812"},{"taxonomy":"post_tag","embeddable":true,"href":"https:\/\/pdt-rj.org.br\/index.php\/wp-json\/wp\/v2\/tags?post=59812"}],"curies":[{"name":"wp","href":"https:\/\/api.w.org\/{rel}","templated":true}]}}