{"id":59806,"date":"2018-06-06T20:21:53","date_gmt":"2018-06-06T23:21:53","guid":{"rendered":"http:\/\/pdt-rj.org.br\/?p=59806"},"modified":"2018-06-06T21:16:53","modified_gmt":"2018-06-07T00:16:53","slug":"ciro-diz-que-privatizacao-e-uma-ferramenta-estrategica-que-nao-se-aplica-ao-petroleo","status":"publish","type":"post","link":"https:\/\/pdt-rj.org.br\/index.php\/ciro-diz-que-privatizacao-e-uma-ferramenta-estrategica-que-nao-se-aplica-ao-petroleo\/","title":{"rendered":"Ciro diz que privatiza\u00e7\u00e3o \u00e9 uma ferramenta estrat\u00e9gica que n\u00e3o se aplica ao petr\u00f3leo"},"content":{"rendered":"<p>O pedetista Ciro Gomes participou na tarde desta quarta-feira (6), em Bras\u00edlia, de uma sabatina promovida pelo jornal Correio Braziliense com os pr\u00e9-candidatos ao Pal\u00e1cio do Planalto. Na ocasi\u00e3o, Ciro teve a oportunidade de expor suas ideias e planos ao responder os questionamentos dos rep\u00f3rteres que conduziam o debate.<\/p>\n<p>Dentre os principais temas abordados, falou sobre reforma da Previd\u00eancia, privatiza\u00e7\u00e3o, seguran\u00e7a p\u00fablica e tributa\u00e7\u00e3o, al\u00e9m da Petrobras \u2013 empresa que ficou em evid\u00eancia nos \u00faltimos dias.<\/p>\n<p>Para o presidenci\u00e1vel, a privatiza\u00e7\u00e3o \u00e9 uma ferramenta \u2013 como tantas outras, que deve ser utilizada como estrat\u00e9gia de um plano nacional de desenvolvimento. No entanto, afirmou que n\u00e3o privatizaria o petr\u00f3leo e deu a sua explica\u00e7\u00e3o.<\/p>\n<p>\u201cNo mundo do petr\u00f3leo, 80% do mercado (de petr\u00f3leo) \u00e9 controlado por estatais e 20% por um cartel. Esse pa\u00eds \u00e9 um dos raros pa\u00edses autossuficiente em petr\u00f3leo, portanto, n\u00f3s vamos entregar isso aos estrangeiros por qu\u00ea?\u201d, questiona. \u201cPor corrup\u00e7\u00e3o? E a empresa Odebrecht? \u00c9 estatal?\u201d, alfineta.<\/p>\n<p>Sobre pol\u00edtica de pre\u00e7o de combust\u00edvel, Ciro disse que em nenhuma circunst\u00e2ncia o Brasil suporta encavalar no pre\u00e7o da bomba, varia\u00e7\u00e3o cambial mais mercado de especula\u00e7\u00e3o.<\/p>\n<p>Em suas considera\u00e7\u00f5es finais, Ciro disse estar convencido de que o Pa\u00eds n\u00e3o merecia passar pela infelicidade povo passando. \u201cSe a gente acreditar na intelig\u00eancia, nesse debate vamos achar a sa\u00edda para devolver ao povo brasileiro a felicidade\u201d, concluiu.<\/p>\n<!-- AddThis Advanced Settings generic via filter on the_content --><!-- AddThis Share Buttons generic via filter on the_content -->","protected":false},"excerpt":{"rendered":"<p>O pedetista Ciro Gomes participou na tarde desta quarta-feira (6), em Bras\u00edlia, de uma sabatina promovida pelo jornal Correio Braziliense com os pr\u00e9-candidatos ao Pal\u00e1cio do Planalto. Na ocasi\u00e3o, Ciro teve a oportunidade de expor suas ideias e planos ao responder os questionamentos dos rep\u00f3rteres que conduziam o debate. Dentre os principais temas abordados, falou&#8230;<!-- AddThis Advanced Settings generic via filter on wp_trim_excerpt --><!-- AddThis Share Buttons generic via filter on wp_trim_excerpt --><\/p>\n","protected":false},"author":17,"featured_media":59805,"comment_status":"closed","ping_status":"closed","sticky":false,"template":"","format":"standard","meta":{"_monsterinsights_skip_tracking":false,"_monsterinsights_sitenote_active":false,"_monsterinsights_sitenote_note":"","_monsterinsights_sitenote_category":0,"_uf_show_specific_survey":0,"_uf_disable_surveys":false,"footnotes":""},"categories":[975],"tags":[],"class_list":["post-59806","post","type-post","status-publish","format-standard","has-post-thumbnail","hentry","category-manchete"],"acf":[],"_links":{"self":[{"href":"https:\/\/pdt-rj.org.br\/index.php\/wp-json\/wp\/v2\/posts\/59806","targetHints":{"allow":["GET"]}}],"collection":[{"href":"https:\/\/pdt-rj.org.br\/index.php\/wp-json\/wp\/v2\/posts"}],"about":[{"href":"https:\/\/pdt-rj.org.br\/index.php\/wp-json\/wp\/v2\/types\/post"}],"author":[{"embeddable":true,"href":"https:\/\/pdt-rj.org.br\/index.php\/wp-json\/wp\/v2\/users\/17"}],"replies":[{"embeddable":true,"href":"https:\/\/pdt-rj.org.br\/index.php\/wp-json\/wp\/v2\/comments?post=59806"}],"version-history":[{"count":3,"href":"https:\/\/pdt-rj.org.br\/index.php\/wp-json\/wp\/v2\/posts\/59806\/revisions"}],"predecessor-version":[{"id":59811,"href":"https:\/\/pdt-rj.org.br\/index.php\/wp-json\/wp\/v2\/posts\/59806\/revisions\/59811"}],"wp:featuredmedia":[{"embeddable":true,"href":"https:\/\/pdt-rj.org.br\/index.php\/wp-json\/wp\/v2\/media\/59805"}],"wp:attachment":[{"href":"https:\/\/pdt-rj.org.br\/index.php\/wp-json\/wp\/v2\/media?parent=59806"}],"wp:term":[{"taxonomy":"category","embeddable":true,"href":"https:\/\/pdt-rj.org.br\/index.php\/wp-json\/wp\/v2\/categories?post=59806"},{"taxonomy":"post_tag","embeddable":true,"href":"https:\/\/pdt-rj.org.br\/index.php\/wp-json\/wp\/v2\/tags?post=59806"}],"curies":[{"name":"wp","href":"https:\/\/api.w.org\/{rel}","templated":true}]}}