{"id":59800,"date":"2018-06-06T17:15:39","date_gmt":"2018-06-06T20:15:39","guid":{"rendered":"http:\/\/pdt-rj.org.br\/?p=59800"},"modified":"2018-06-06T17:15:39","modified_gmt":"2018-06-06T20:15:39","slug":"trabalhismo-em-dialogo-discute-30-anos-da-constituinte","status":"publish","type":"post","link":"https:\/\/pdt-rj.org.br\/index.php\/trabalhismo-em-dialogo-discute-30-anos-da-constituinte\/","title":{"rendered":"\u201cTrabalhismo em Di\u00e1logo\u201d discute 30 anos da Constituinte"},"content":{"rendered":"<p>A \u201cConstitui\u00e7\u00e3o de 88 e a Participa\u00e7\u00e3o Popular\u201d foi o tema de um debate realizado na \u00faltima segunda-feira (4) pela Funda\u00e7\u00e3o Leonel Brizola \u2013 Alberto Pasqualini do Rio de Janeiro. O evento foi realizado na sede do Diret\u00f3rio Estadual do partido e coube ao deputado estadual Paulo Ramos, \u00e0 \u00e9poca deputado constituinte, e Trajano Ribeiro, explicarem como a chamada \u201cConstitui\u00e7\u00e3o Cidad\u00e3\u201d cumpriu o seu papel de assegurar a estabilidade institucional, garantir direitos e avan\u00e7os para a classe trabalhadora.<\/p>\n<p>A Constitui\u00e7\u00e3o Cidad\u00e3 foi assim batizada por ter sido concebida no processo de redemocratiza\u00e7\u00e3o, iniciado com o encerramento da ditadura militar. Apesar de ter sofrido v\u00e1rias emendas, ela ainda cumpre um papel elementar na sociedade brasileira.<\/p>\n<p>O deputado Paulo Ramos relembrou todo o processo de elabora\u00e7\u00e3o da Constitui\u00e7\u00e3o, que se iniciou na\u00a0presid\u00eancia de Sarney (1986), as elei\u00e7\u00f5es para o Congresso Nacional (deputados e senadores) e a forma\u00e7\u00e3o dos 559 eleitos a Assembleia Constituinte, que, junto com a participa\u00e7\u00e3o popular, formataram a nova Carta Magna, que traz, em seu\u00a0artigo primeiro:\u00a0\u201cA Rep\u00fablica Federativa do Brasil, formada pela uni\u00e3o indissol\u00favel dos Estados e Munic\u00edpios e do Distrito Federal, constitui-se em Estado Democr\u00e1tico de Direito e tem como fundamentos: 1 \u2013 Soberania, 2- Cidadania, 3 &#8211; a dignidade da pessoa humana, 4 \u2013 os valores sociais do trabalho e da livre iniciativa\u201d.<\/p>\n<p>\u201cA Constitui\u00e7\u00e3o \u00e9 cristalina e \u00f3bvia. E o seu primeiro artigo determina os demais. Sem Soberania Nacional, n\u00e3o aos demais direitos. Precisamos defender a todo custo nossa soberania, est\u00e1 em nossas m\u00e3os defendermos os nossos direitos\u201d, conclui Paulo Ramos.<\/p>\n<p>Trajano Ribeiro, em sua fala relacionou fatos hist\u00f3ricos de personagens nacionalistas com o momento da constituinte e o atual e explicou o perigo que a democracia passa.<\/p>\n<p>\u201cTodas as vezes que tivemos algu\u00e9m no poder com a ideia de transformar o Brasil em uma na\u00e7\u00e3o soberana, a sociedade foi golpeada. Aconteceu com Get\u00falio Vargas, quando investiu no petr\u00f3leo e na classe trabalhadora; com Jango [Jo\u00e3o Goulart], por conta do seu alinhamento com Get\u00falio e carisma popular; aconteceu com Brizola, nacionalista ao extremo, que, mesmo por anos sendo alvo de campanhas difamat\u00f3rias por parte da m\u00eddia hegem\u00f4nica, nunca desistiu lutar para emancipar nosso povo; e agora, mais recentemente, com a Presidenta Dilma, tudo pelo alinhamento com a pol\u00edtica do pr\u00e9-sal e do conte\u00fado nacional da Petrobras\u201d.<\/p>\n<p>Em suas conclus\u00f5es, Trajano tra\u00e7ou um paralelo entre o aquele per\u00edodo e o atual processo eleitoral de que se aproxima o Pa\u00eds.<\/p>\n<p>\u201cO momento que vivemos \u00e9 muito dif\u00edcil: nossa Constitui\u00e7\u00e3o \u00e9 rasgada diariamente; nossa soberania foi usurpada, com esse golpista Michel Temer. Nossas esperan\u00e7as est\u00e3o depositadas no companheiro Ciro Gomes \u2013 um nacionalista que bebe na fonte de Get\u00falio, Jango e Brizola. Vamos eleger pra sairmos dessa escurid\u00e3o que o Brasil se encontra\u201d, terminou Trajano.<\/p>\n<p>\u201cTrabalhismo em Di\u00e1logo\u201d \u2013 iniciativa da Funda\u00e7\u00e3o Leonel Brizola &#8211; Alberto Pasqualini \u2013 tem como meta discutir temas de interesses nacionais, criando um ambiente de car\u00e1ter progressista na sociedade.<\/p>\n<!-- AddThis Advanced Settings generic via filter on the_content --><!-- AddThis Share Buttons generic via filter on the_content -->","protected":false},"excerpt":{"rendered":"<p>A \u201cConstitui\u00e7\u00e3o de 88 e a Participa\u00e7\u00e3o Popular\u201d foi o tema de um debate realizado na \u00faltima segunda-feira (4) pela Funda\u00e7\u00e3o Leonel Brizola \u2013 Alberto Pasqualini do Rio de Janeiro. O evento foi realizado na sede do Diret\u00f3rio Estadual do partido e coube ao deputado estadual Paulo Ramos, \u00e0 \u00e9poca deputado constituinte, e Trajano Ribeiro,&#8230;<!-- AddThis Advanced Settings generic via filter on wp_trim_excerpt --><!-- AddThis Share Buttons generic via filter on wp_trim_excerpt --><\/p>\n","protected":false},"author":17,"featured_media":59801,"comment_status":"closed","ping_status":"closed","sticky":false,"template":"","format":"standard","meta":{"_monsterinsights_skip_tracking":false,"_monsterinsights_sitenote_active":false,"_monsterinsights_sitenote_note":"","_monsterinsights_sitenote_category":0,"_uf_show_specific_survey":0,"_uf_disable_surveys":false,"footnotes":""},"categories":[1390],"tags":[2968,426,514,2660],"class_list":["post-59800","post","type-post","status-publish","format-standard","has-post-thumbnail","hentry","category-editorias","tag-carta-magna","tag-fundacao-leonel-brizola-alberto-pasqualini","tag-joao-goulart","tag-trajano-ribeiro"],"acf":[],"_links":{"self":[{"href":"https:\/\/pdt-rj.org.br\/index.php\/wp-json\/wp\/v2\/posts\/59800","targetHints":{"allow":["GET"]}}],"collection":[{"href":"https:\/\/pdt-rj.org.br\/index.php\/wp-json\/wp\/v2\/posts"}],"about":[{"href":"https:\/\/pdt-rj.org.br\/index.php\/wp-json\/wp\/v2\/types\/post"}],"author":[{"embeddable":true,"href":"https:\/\/pdt-rj.org.br\/index.php\/wp-json\/wp\/v2\/users\/17"}],"replies":[{"embeddable":true,"href":"https:\/\/pdt-rj.org.br\/index.php\/wp-json\/wp\/v2\/comments?post=59800"}],"version-history":[{"count":1,"href":"https:\/\/pdt-rj.org.br\/index.php\/wp-json\/wp\/v2\/posts\/59800\/revisions"}],"predecessor-version":[{"id":59802,"href":"https:\/\/pdt-rj.org.br\/index.php\/wp-json\/wp\/v2\/posts\/59800\/revisions\/59802"}],"wp:featuredmedia":[{"embeddable":true,"href":"https:\/\/pdt-rj.org.br\/index.php\/wp-json\/wp\/v2\/media\/59801"}],"wp:attachment":[{"href":"https:\/\/pdt-rj.org.br\/index.php\/wp-json\/wp\/v2\/media?parent=59800"}],"wp:term":[{"taxonomy":"category","embeddable":true,"href":"https:\/\/pdt-rj.org.br\/index.php\/wp-json\/wp\/v2\/categories?post=59800"},{"taxonomy":"post_tag","embeddable":true,"href":"https:\/\/pdt-rj.org.br\/index.php\/wp-json\/wp\/v2\/tags?post=59800"}],"curies":[{"name":"wp","href":"https:\/\/api.w.org\/{rel}","templated":true}]}}