{"id":59760,"date":"2018-05-30T12:32:33","date_gmt":"2018-05-30T15:32:33","guid":{"rendered":"http:\/\/pdt-rj.org.br\/?p=59760"},"modified":"2018-06-16T02:31:31","modified_gmt":"2018-06-16T05:31:31","slug":"ciro-gomes-volta-a-criticar-a-reforma-trabalhista","status":"publish","type":"post","link":"https:\/\/pdt-rj.org.br\/index.php\/ciro-gomes-volta-a-criticar-a-reforma-trabalhista\/","title":{"rendered":"Ciro Gomes volta a criticar a Reforma Trabalhista"},"content":{"rendered":"<p>O pr\u00e9-candidato do PDT \u00e0 Presid\u00eancia da Rep\u00fablica, Ciro Gomes, voltou a defender as reformas que o Pa\u00eds necessita e disse que o pr\u00f3ximo governo tem que ter a aud\u00e1cia de propor um projeto nacional de desenvolvimento. Ciro tamb\u00e9m teceu duras cr\u00edticas \u00e0 reforma Trabalhista.<\/p>\n<p>\u201cEssa reforma \u00e9 uma fraude. Est\u00e1 escrito que o patr\u00e3o pode alocar uma senhora gr\u00e1vida em um ambiente insalubre. E a maior aberra\u00e7\u00e3o: permitiu o trabalho intermitente com remunera\u00e7\u00e3o abaixo do sal\u00e1rio m\u00ednimo. E desde que entrou em vigor, o Brasil destruiu 500 mil postos formais\u201d, ressaltou.<\/p>\n<p>O pedetista participou na tarde desta ter\u00e7a-feira (29), em S\u00e3o Paulo, do evento sobre Elei\u00e7\u00f5es 2018 &#8211; Reformas e Desenvolvimento, organizado pelo Clube Transatl\u00e2ntico e Euroc\u00e2maras. O encontro tem como objetivo a troca de ideias entre os pr\u00e9-candidatos e empres\u00e1rios europeus.<\/p>\n<p>\u201cEnt\u00e3o, isso \u00e9 selva. E o s\u00e9culo vinte n\u00e3o pode retroceder ao s\u00e9culo dezenove. Se eu for presidente da Rep\u00fablica, ela (reforma Trabalhista) ser\u00e1 revogada, na anu\u00eancia de um grande debate sobre o que queremos. E a modernidade que queremos, se depender desse brasileiro aqui, vai proteger o trabalho na sua rela\u00e7\u00e3o desigual, o que n\u00e3o quer dizer preconceito nenhum contra o capital, mas a parte fr\u00e1gil que precisa da prote\u00e7\u00e3o do Estado\u201d, afirmou.<\/p>\n<p>O presidenci\u00e1vel mencionou que o Brasil est\u00e1 com 13,7 milh\u00f5es de pessoas desempregadas. Para ele, fragilizar a prote\u00e7\u00e3o do trabalho numa hora como essa \u201cn\u00e3o \u00e9 honesto\u201d.<\/p>\n<p>Aos empres\u00e1rios, Ciro disse que o Brasil precisa mudar. Baseado em \u00edndices, pontuou que nos \u00faltimos doze meses foram 62 mil homic\u00eddios, dos quais apenas 8% foram investigados, o que, segundo ele, \u201cmostra a fal\u00eancia do estado de direito democr\u00e1tico brasileiro. \u201d<\/p>\n<p>Ponderou que nesse momento h\u00e1 mais de 13 milh\u00f5es de pessoas desempregadas e que a maioria da popula\u00e7\u00e3o brasileira est\u00e1 na informalidade. Mencionou que o Brasil tem problema s\u00e9rio de sa\u00fade p\u00fablica, sendo a sa\u00fade \u201cdever do Estado e um direito incondicional da popula\u00e7\u00e3o\u201d.<\/p>\n<p>No contexto macroecon\u00f4mico, citou que nos anos oitenta, um ter\u00e7o do Produto Interno Bruto era industrial. Disse que a alternativa para o Brasil \u00e9 tomar o processo r\u00edgido de reindustrializa\u00e7\u00e3o e que, \u201cfelizmente\u201d, o Brasil tem alternativas.<\/p>\n<p>Citou como exemplo a crise da gasolina que o Pa\u00eds est\u00e1 vivenciando, a qual, para ele, \u201c\u00e9 a evid\u00eancia de um potencial brasileiro que est\u00e1 sendo jogado na lata do lixo\u201d por quest\u00f5es ideol\u00f3gicas, quando n\u00e3o, por corrup\u00e7\u00e3o.<br \/>\n\u201cO Brasil est\u00e1, hoje, exportando petr\u00f3leo bruto barato e crescentemente importando derivados de petr\u00f3leo refinado do estrangeiro em d\u00f3lar. Qual explica\u00e7\u00e3o para isso? \u201d, questionou.<\/p>\n<p>Para ele, um pa\u00eds que tem a nacionalidade preservada como a Petrobras, que tem tecnologia e tradi\u00e7\u00e3o em refino, tem todas as condi\u00e7\u00f5es para ser um protagonista de uma ind\u00fastria 4.0 de base petroqu\u00edmica.<\/p>\n<!-- AddThis Advanced Settings generic via filter on the_content --><!-- AddThis Share Buttons generic via filter on the_content -->","protected":false},"excerpt":{"rendered":"<p>O pr\u00e9-candidato do PDT \u00e0 Presid\u00eancia da Rep\u00fablica, Ciro Gomes, voltou a defender as reformas que o Pa\u00eds necessita e disse que o pr\u00f3ximo governo tem que ter a aud\u00e1cia de propor um projeto nacional de desenvolvimento. Ciro tamb\u00e9m teceu duras cr\u00edticas \u00e0 reforma Trabalhista. \u201cEssa reforma \u00e9 uma fraude. Est\u00e1 escrito que o patr\u00e3o&#8230;<!-- AddThis Advanced Settings generic via filter on wp_trim_excerpt --><!-- AddThis Share Buttons generic via filter on wp_trim_excerpt --><\/p>\n","protected":false},"author":17,"featured_media":59761,"comment_status":"closed","ping_status":"closed","sticky":false,"template":"","format":"standard","meta":{"_monsterinsights_skip_tracking":false,"_monsterinsights_sitenote_active":false,"_monsterinsights_sitenote_note":"","_monsterinsights_sitenote_category":0,"_uf_show_specific_survey":0,"_uf_disable_surveys":false,"footnotes":""},"categories":[1390],"tags":[220,38,1578],"class_list":["post-59760","post","type-post","status-publish","format-standard","has-post-thumbnail","hentry","category-editorias","tag-ciro-gomes","tag-pdt","tag-reforma-trabalhista"],"acf":[],"_links":{"self":[{"href":"https:\/\/pdt-rj.org.br\/index.php\/wp-json\/wp\/v2\/posts\/59760","targetHints":{"allow":["GET"]}}],"collection":[{"href":"https:\/\/pdt-rj.org.br\/index.php\/wp-json\/wp\/v2\/posts"}],"about":[{"href":"https:\/\/pdt-rj.org.br\/index.php\/wp-json\/wp\/v2\/types\/post"}],"author":[{"embeddable":true,"href":"https:\/\/pdt-rj.org.br\/index.php\/wp-json\/wp\/v2\/users\/17"}],"replies":[{"embeddable":true,"href":"https:\/\/pdt-rj.org.br\/index.php\/wp-json\/wp\/v2\/comments?post=59760"}],"version-history":[{"count":3,"href":"https:\/\/pdt-rj.org.br\/index.php\/wp-json\/wp\/v2\/posts\/59760\/revisions"}],"predecessor-version":[{"id":59939,"href":"https:\/\/pdt-rj.org.br\/index.php\/wp-json\/wp\/v2\/posts\/59760\/revisions\/59939"}],"wp:featuredmedia":[{"embeddable":true,"href":"https:\/\/pdt-rj.org.br\/index.php\/wp-json\/wp\/v2\/media\/59761"}],"wp:attachment":[{"href":"https:\/\/pdt-rj.org.br\/index.php\/wp-json\/wp\/v2\/media?parent=59760"}],"wp:term":[{"taxonomy":"category","embeddable":true,"href":"https:\/\/pdt-rj.org.br\/index.php\/wp-json\/wp\/v2\/categories?post=59760"},{"taxonomy":"post_tag","embeddable":true,"href":"https:\/\/pdt-rj.org.br\/index.php\/wp-json\/wp\/v2\/tags?post=59760"}],"curies":[{"name":"wp","href":"https:\/\/api.w.org\/{rel}","templated":true}]}}