{"id":59758,"date":"2018-06-01T15:16:32","date_gmt":"2018-06-01T18:16:32","guid":{"rendered":"http:\/\/pdt-rj.org.br\/?p=59758"},"modified":"2018-06-16T02:22:07","modified_gmt":"2018-06-16T05:22:07","slug":"politica-de-precos-equivocada-da-petrobras-leva-o-brasil-ao-caos-afirma-assis-do-couto","status":"publish","type":"post","link":"https:\/\/pdt-rj.org.br\/index.php\/politica-de-precos-equivocada-da-petrobras-leva-o-brasil-ao-caos-afirma-assis-do-couto\/","title":{"rendered":"Pol\u00edtica de pre\u00e7os equivocada da Petrobras leva o Brasil ao caos, afirma Assis do Couto"},"content":{"rendered":"<p>\u201cSe nesses seis meses o Governo n\u00e3o tratar de mudar a pol\u00edtica de pre\u00e7os de petr\u00f3leo no Pa\u00eds, n\u00f3s teremos um caos completamente instalado em nossa p\u00e1tria\u201d. A afirma\u00e7\u00e3o \u00e9 do deputado federal Assis do Couto (PDT-PR), durante a Comiss\u00e3o Geral criada para enfrentar a crise dos combust\u00edveis e a greve dos caminhoneiros, que j\u00e1 entra em seu nono dia de paralisa\u00e7\u00e3o.<\/p>\n<p>O parlamentar, que tem acompanhado todo o movimento de paralisa\u00e7\u00e3o, inclusive participando das reuni\u00f5es de negocia\u00e7\u00e3o entre o governo e os representantes dos caminhoneiros, avalia que s\u00f3 mesmo a mudan\u00e7a de governo, atrav\u00e9s de um processo democr\u00e1tico, pode trazer novas perspectivas para o setor.<\/p>\n<p>\u201cN\u00f3s estamos aqui a contar os dias para as elei\u00e7\u00f5es para a posse do novo governo que apresente ao Pa\u00eds um novo caminho porque este (Governo) n\u00e3o tem mais sustentabilidade\u201d, frisou Assis.<\/p>\n<p>Assis do Couto lembrou que desde a cria\u00e7\u00e3o da Petrobras, em 1953 pelo ent\u00e3o presidente Get\u00falio Vargas, o debate gira em torno da privatiza\u00e7\u00e3o ou da estatiza\u00e7\u00e3o da companhia.<\/p>\n<p>\u201cO governo Lula e Dilma garantiram sim o aspecto nacionalista da Petrobras, mas pecaram na forma de gest\u00e3o, no loteamento pol\u00edtico da companhia. E isso gerou um crescimento da ideia de privatiza\u00e7\u00e3o. O governo p\u00f3s impeachment\/golpe adotou a pol\u00edtica de direita, do liberalismo j\u00e1 defendida na \u00e9poca da cria\u00e7\u00e3o da Petrobras. Erra na escolha, na estrat\u00e9gia, no ritmo que est\u00e1 fazendo as coisas acontecerem. Mudou o estatuto da companhia e agora qualquer suposto preju\u00edzo \u00e9 o or\u00e7amento da Uni\u00e3o que vai ter que pagar. \u00c9 dinheiro do Pis\/Cofins que vai ter que tapar o buraco. O Brasil exporta petr\u00f3leo cru e importa petr\u00f3leo refinado, diminui a produ\u00e7\u00e3o nas suas refinarias, tudo errado. E foi essa pol\u00edtica que parou o Pa\u00eds. N\u00e3o foram os caminhoneiros, foi essa pol\u00edtica de Parente (Pedro) e de Temer (Michel)\u201d.<\/p>\n<p>O parlamentar divulgou nota p\u00fablica nesta segunda-feira (28) onde reiterou o apoio \u00e0 luta dos caminhoneiros aut\u00f4nomos, mobilizados desde o dia 21 de maio, e ressaltou que j\u00e1 houve avan\u00e7os importantes nas negocia\u00e7\u00f5es, apesar de o governo n\u00e3o mudar a pol\u00edtica de pre\u00e7os da Petrobras.<\/p>\n<p>\u201cS\u00e3o medidas estruturantes que est\u00e3o sendo reivindicadas desde 1999, como a quest\u00e3o de garantia de percentual de mercado, a Pol\u00edtica do Pre\u00e7o M\u00ednimo do Frete (que teve como base o PLC 121\/17, de sua autoria) e a quest\u00e3o da isen\u00e7\u00e3o do ped\u00e1gio sobre o eixo erguido\u201d.<\/p>\n<p>No entanto, o deputado afirmou que n\u00e3o pode apoiar um movimento que pede uma interven\u00e7\u00e3o militar no Pa\u00eds. \u201cIsso \u00e9 uma contradi\u00e7\u00e3o. Todas as manifesta\u00e7\u00f5es populares durante os 20 anos de Regime Militar no Brasil foram violentamente reprimidas, pessoas foram mortas, centenas de desaparecidos que at\u00e9 hoje n\u00e3o encontramos os cad\u00e1veres. Muitas pessoas inocentes quase apodreceram nas cadeias quando lutavam por direitos para os mais pobres\u201d, ressaltou.<\/p>\n<p>Ainda de acordo com a Assis do Couto \u201cdiante do novo quadro \u00e9 fundamental a dispers\u00e3o do movimento para evitar maiores preju\u00edzos \u00e0 economia do Pa\u00eds e a popula\u00e7\u00e3o em geral. N\u00e3o se justifica mais, por exemplo, que agricultores tenham que desperdi\u00e7ar a produ\u00e7\u00e3o por incapacidade de transportar seus produtos, a exemplo do leite e do frango. Portanto, considerando o encaminhamento das pr\u00f3prias entidades que representam os caminhoneiros, n\u00e3o reconhe\u00e7o mais e nem represento os que insistem na paralisa\u00e7\u00e3o sob a bandeira da interven\u00e7\u00e3o militar\u201d.<\/p>\n<!-- AddThis Advanced Settings generic via filter on the_content --><!-- AddThis Share Buttons generic via filter on the_content -->","protected":false},"excerpt":{"rendered":"<p>\u201cSe nesses seis meses o Governo n\u00e3o tratar de mudar a pol\u00edtica de pre\u00e7os de petr\u00f3leo no Pa\u00eds, n\u00f3s teremos um caos completamente instalado em nossa p\u00e1tria\u201d. A afirma\u00e7\u00e3o \u00e9 do deputado federal Assis do Couto (PDT-PR), durante a Comiss\u00e3o Geral criada para enfrentar a crise dos combust\u00edveis e a greve dos caminhoneiros, que j\u00e1&#8230;<!-- AddThis Advanced Settings generic via filter on wp_trim_excerpt --><!-- AddThis Share Buttons generic via filter on wp_trim_excerpt --><\/p>\n","protected":false},"author":17,"featured_media":59772,"comment_status":"closed","ping_status":"closed","sticky":false,"template":"","format":"standard","meta":{"_monsterinsights_skip_tracking":false,"_monsterinsights_sitenote_active":false,"_monsterinsights_sitenote_note":"","_monsterinsights_sitenote_category":0,"_uf_show_specific_survey":0,"_uf_disable_surveys":false,"footnotes":""},"categories":[1390],"tags":[137,718,2985],"class_list":["post-59758","post","type-post","status-publish","format-standard","has-post-thumbnail","hentry","category-editorias","tag-assis-do-couto","tag-petrobras","tag-pis-cofins"],"acf":[],"_links":{"self":[{"href":"https:\/\/pdt-rj.org.br\/index.php\/wp-json\/wp\/v2\/posts\/59758","targetHints":{"allow":["GET"]}}],"collection":[{"href":"https:\/\/pdt-rj.org.br\/index.php\/wp-json\/wp\/v2\/posts"}],"about":[{"href":"https:\/\/pdt-rj.org.br\/index.php\/wp-json\/wp\/v2\/types\/post"}],"author":[{"embeddable":true,"href":"https:\/\/pdt-rj.org.br\/index.php\/wp-json\/wp\/v2\/users\/17"}],"replies":[{"embeddable":true,"href":"https:\/\/pdt-rj.org.br\/index.php\/wp-json\/wp\/v2\/comments?post=59758"}],"version-history":[{"count":5,"href":"https:\/\/pdt-rj.org.br\/index.php\/wp-json\/wp\/v2\/posts\/59758\/revisions"}],"predecessor-version":[{"id":59933,"href":"https:\/\/pdt-rj.org.br\/index.php\/wp-json\/wp\/v2\/posts\/59758\/revisions\/59933"}],"wp:featuredmedia":[{"embeddable":true,"href":"https:\/\/pdt-rj.org.br\/index.php\/wp-json\/wp\/v2\/media\/59772"}],"wp:attachment":[{"href":"https:\/\/pdt-rj.org.br\/index.php\/wp-json\/wp\/v2\/media?parent=59758"}],"wp:term":[{"taxonomy":"category","embeddable":true,"href":"https:\/\/pdt-rj.org.br\/index.php\/wp-json\/wp\/v2\/categories?post=59758"},{"taxonomy":"post_tag","embeddable":true,"href":"https:\/\/pdt-rj.org.br\/index.php\/wp-json\/wp\/v2\/tags?post=59758"}],"curies":[{"name":"wp","href":"https:\/\/api.w.org\/{rel}","templated":true}]}}