{"id":59745,"date":"2018-05-29T11:35:55","date_gmt":"2018-05-29T14:35:55","guid":{"rendered":"http:\/\/pdt-rj.org.br\/?p=59745"},"modified":"2018-06-06T20:30:01","modified_gmt":"2018-06-06T23:30:01","slug":"democracia-de-verdade-e-quando-a-cidadania-se-exercita-disse-ciro-no-roda-viva","status":"publish","type":"post","link":"https:\/\/pdt-rj.org.br\/index.php\/democracia-de-verdade-e-quando-a-cidadania-se-exercita-disse-ciro-no-roda-viva\/","title":{"rendered":"&#8220;Democracia de verdade \u00e9 quando a cidadania se exercita\u201d, disse Ciro no Roda Viva"},"content":{"rendered":"<p>O pr\u00e9-candidato \u00e0 Presid\u00eancia comentou a greve dos caminhoneiros e criticou a pol\u00edtica de pre\u00e7os da Petrobras<br \/>\nO presidenci\u00e1vel Ciro Gomes participou na noite desta segunda-feira do programa Roda Vida. O pr\u00e9-candidato pelo PDT teve a oportunidade de expor suas ideias, falar de seus projetos para o Pa\u00eds e responder a perguntas dos entrevistadores.<\/p>\n<p>Logo no primeiro bloco do programa, Ciro foi questionado sobre a greve dos caminhoneiros e se ele achava que poderia ser uma amea\u00e7a \u00e0 democracia brasileira. Ciro descartou a possibilidade e disse que ela n\u00e3o existe.<\/p>\n<p>&#8220;Claro que a gente precisa entender que interesses aproveitadores se encostaram. Mas a democracia de verdade \u00e9 quando a cidadania se exercita, e quando se exercita contra poderosos e corruptos, como \u00e9 o caso do momento brasileiro. Isso fortalece e n\u00e3o fere a democracia&#8221;, disse.<\/p>\n<p>&#8220;O que vai ficando muito claro \u00e9 o seguinte: o governo brasileiro imp\u00f4s \u00e0 sociedade nacional uma pol\u00edtica de pre\u00e7os da Petrobras absolutamente fraudulenta. Esta pol\u00edtica desconsidera o custo do barril do petr\u00f3leo do Brasil e passa a cobrar como se o barril de petr\u00f3leo brasileiro, que custa ao redor de US$ 17,00, fosse o custo do petr\u00f3leo negociado no mercado especulativo do estrangeiro, que hoje est\u00e1 perto de US$ 90,00&#8221;, explicou.<\/p>\n<p>Ao ser questionado se defenderia a pol\u00edtica de controle de pre\u00e7os internos, afirmou que n\u00e3o. Para o pedetista, isso foi um erro do passado e que atualmente n\u00e3o serve ao Pa\u00eds. Segundo ele, o que serve para uma empresa como a Petrobras \u00e9 praticar uma matriz de custo absolutamente transparente.<\/p>\n<p>&#8220;Ou seja, quanto custa produzir um litro de gasolina, mais a remunera\u00e7\u00e3o do investimento, mais a deprecia\u00e7\u00e3o, mais o lucro em linha como os competidores equivalentes do estrangeiro. Isso significaria que o \u00f3leo diesel poderia estar, hoje, no m\u00e1ximo a R$ 3,00 se a gente praticasse essa estrutura de custo. E esta \u00e9 a fraude&#8221;, ressaltou.<\/p>\n<p>Na rodada de perguntas, feita pelos entrevistadores, Ciro foi questionado sobre a depend\u00eancia do Pa\u00eds do transporte rodovi\u00e1rio e quais propostas para estimular outras formas. Para Ciro, a ferrovia e a cabotagem se enquadram nos tipos de log\u00edsticas adequadas para escoar a produ\u00e7\u00e3o brasileira.<\/p>\n<p>&#8220;Evidentemente, o que o Brasil tem que fazer \u00e9 retomar uma estrat\u00e9gia de produ\u00e7\u00e3o e log\u00edstica capaz de ser compat\u00edvel com nossa geografia econ\u00f4mica&#8221;, apontou.<\/p>\n<p>A Previd\u00eancia Social foi outro tema posto em debate no programa. Ciro disse que o d\u00e9ficit da Previd\u00eancia \u00e9 real, mas n\u00e3o de R$ 180 bilh\u00f5es. Disse que foi cerca de R$ 30 bilh\u00f5es, o que j\u00e1 se anuncia como algo muito grave.<\/p>\n<p>&#8220;O que eu quero dizer, relativizando o d\u00e9ficit, \u00e9 que a DRU vai a R$ 180 bilh\u00f5es, e isso n\u00e3o tem condi\u00e7\u00f5es por esse caminho selvagem de cortar direito de pobre trabalhador. No Brasil, voc\u00ea tem um problema de que dois em cada cem dos benefici\u00e1rios da Previd\u00eancia levam quase um quarto de tudo. S\u00f3 que essa gente, \u00e9 gente poderosa do Brasil&#8221;, disse, explicando que defende um regime novo de capitaliza\u00e7\u00e3o p\u00fablico sob controle dos trabalhadores.<\/p>\n<p>Ciro tamb\u00e9m respondeu sobre seguran\u00e7a e, ao ser questionado se seu programa contempla pol\u00edticas p\u00fablicas para combater a viol\u00eancia contra as mulheres \u2013 em especial por conta do feminic\u00eddio \u2013, disse que, como candidato a chefe de Estado brasileiro, nenhum tema ser\u00e1 considerado tabu.<\/p>\n<p>&#8220;Todos ser\u00e3o tratados e o presidente da Rep\u00fablica n\u00e3o tomar\u00e1 parte pr\u00e9via, mas estimular\u00e1 o debate franco e aberto entre todos os grupos interessado no assunto e estimularei a toler\u00e2ncia e respeito \u00e0 diversidade&#8221;.<\/p>\n<p>Outros temas foram abordados como educa\u00e7\u00e3o. Ciro disse que o munic\u00edpio de Sobral, localizado no interior do Cear\u00e1, conta com o melhor \u00cdndice de Desenvolvimento da Educa\u00e7\u00e3o B\u00e1sica (Ideb) do Brasil e que no estado j\u00e1 h\u00e1 77 das 100 melhores escolas fundamentais do Pa\u00eds.<\/p>\n<p>&#8220;Portanto, h\u00e1 de se encaminhar um projeto nacional em dois rumos, sendo o primeiro, a mudan\u00e7a de padr\u00e3o de ensino. Hoje o ensino \u00e9 o decoreba&#8221;, disse. &#8220;Portanto, precisamos motivar os professores para que eles se reestruturem e recriemos um paradigma pedag\u00f3gico que seja capacitador do ju\u00edzo cr\u00edtico&#8221;, apontou.<\/p>\n<p>No encerramento do programa, Ciro destacou a necessidade de recuperar a cren\u00e7a e a confian\u00e7a de que o Brasil, pelo trabalho, pela dignidade, pela produ\u00e7\u00e3o e pela ind\u00fastria, vai virar o jogo. &#8220;Meu sonho \u00e9 ver o Brasil feliz de novo.&#8221;<\/p>\n<p>Confirma a \u00edntegra do Programa:<\/p>\n<p><iframe loading=\"lazy\" title=\"Roda Viva | Ciro Gomes | 28\/05\/2018\" width=\"640\" height=\"360\" src=\"https:\/\/www.youtube.com\/embed\/UwHGTQ4twqk?feature=oembed\" frameborder=\"0\" allow=\"accelerometer; autoplay; clipboard-write; encrypted-media; gyroscope; picture-in-picture; web-share\" referrerpolicy=\"strict-origin-when-cross-origin\" allowfullscreen><\/iframe><\/p>\n<!-- AddThis Advanced Settings generic via filter on the_content --><!-- AddThis Share Buttons generic via filter on the_content -->","protected":false},"excerpt":{"rendered":"<p>O pr\u00e9-candidato \u00e0 Presid\u00eancia comentou a greve dos caminhoneiros e criticou a pol\u00edtica de pre\u00e7os da Petrobras O presidenci\u00e1vel Ciro Gomes participou na noite desta segunda-feira do programa Roda Vida. O pr\u00e9-candidato pelo PDT teve a oportunidade de expor suas ideias, falar de seus projetos para o Pa\u00eds e responder a perguntas dos entrevistadores. Logo&#8230;<!-- AddThis Advanced Settings generic via filter on wp_trim_excerpt --><!-- AddThis Share Buttons generic via filter on wp_trim_excerpt --><\/p>\n","protected":false},"author":17,"featured_media":59746,"comment_status":"closed","ping_status":"closed","sticky":false,"template":"","format":"standard","meta":{"_monsterinsights_skip_tracking":false,"_monsterinsights_sitenote_active":false,"_monsterinsights_sitenote_note":"","_monsterinsights_sitenote_category":0,"_uf_show_specific_survey":0,"_uf_disable_surveys":false,"footnotes":""},"categories":[976],"tags":[220,1343,718],"class_list":["post-59745","post","type-post","status-publish","format-standard","has-post-thumbnail","hentry","category-noticias-em-destaque","tag-ciro-gomes","tag-ideb","tag-petrobras"],"acf":[],"_links":{"self":[{"href":"https:\/\/pdt-rj.org.br\/index.php\/wp-json\/wp\/v2\/posts\/59745","targetHints":{"allow":["GET"]}}],"collection":[{"href":"https:\/\/pdt-rj.org.br\/index.php\/wp-json\/wp\/v2\/posts"}],"about":[{"href":"https:\/\/pdt-rj.org.br\/index.php\/wp-json\/wp\/v2\/types\/post"}],"author":[{"embeddable":true,"href":"https:\/\/pdt-rj.org.br\/index.php\/wp-json\/wp\/v2\/users\/17"}],"replies":[{"embeddable":true,"href":"https:\/\/pdt-rj.org.br\/index.php\/wp-json\/wp\/v2\/comments?post=59745"}],"version-history":[{"count":4,"href":"https:\/\/pdt-rj.org.br\/index.php\/wp-json\/wp\/v2\/posts\/59745\/revisions"}],"predecessor-version":[{"id":59808,"href":"https:\/\/pdt-rj.org.br\/index.php\/wp-json\/wp\/v2\/posts\/59745\/revisions\/59808"}],"wp:featuredmedia":[{"embeddable":true,"href":"https:\/\/pdt-rj.org.br\/index.php\/wp-json\/wp\/v2\/media\/59746"}],"wp:attachment":[{"href":"https:\/\/pdt-rj.org.br\/index.php\/wp-json\/wp\/v2\/media?parent=59745"}],"wp:term":[{"taxonomy":"category","embeddable":true,"href":"https:\/\/pdt-rj.org.br\/index.php\/wp-json\/wp\/v2\/categories?post=59745"},{"taxonomy":"post_tag","embeddable":true,"href":"https:\/\/pdt-rj.org.br\/index.php\/wp-json\/wp\/v2\/tags?post=59745"}],"curies":[{"name":"wp","href":"https:\/\/api.w.org\/{rel}","templated":true}]}}