{"id":59727,"date":"2018-05-28T13:00:44","date_gmt":"2018-05-28T16:00:44","guid":{"rendered":"http:\/\/pdt-rj.org.br\/?p=59727"},"modified":"2018-05-29T11:04:37","modified_gmt":"2018-05-29T14:04:37","slug":"comeca-hoje-28-o-i-congresso-nacional-do-movimento-cultural-darcy-ribeiro","status":"publish","type":"post","link":"https:\/\/pdt-rj.org.br\/index.php\/comeca-hoje-28-o-i-congresso-nacional-do-movimento-cultural-darcy-ribeiro\/","title":{"rendered":"Come\u00e7a hoje (28) o I Congresso Nacional do Movimento Cultural Darcy Ribeiro"},"content":{"rendered":"<p>Come\u00e7a nesta segunda-feira (28), a partir das 19h, o primeiro dia do I Congresso Nacional do Movimento Cultural Darcy Ribeiro (MCDR) do PDT. O evento \u00e9 realizado na Funda\u00e7\u00e3o Nacional de Artes (Funarte), na Cinel\u00e2ndia, no Rio de Janeiro. Amanh\u00e3 acontece o segundo e \u00faltimo dia do evento, com a presen\u00e7a de\u00a0do pr\u00e9-candidato do PDT \u00e0 Presid\u00eancia da Rep\u00fablica, Ciro Gomes.<\/p>\n<p>Al\u00e9m de Ciro, o evento ser\u00e1 prestigiado pelo presidente nacional da legenda, Carlos Lupi, e do secret\u00e1rio-geral nacional da legenda, Manoel Dias, o Congresso reunir\u00e1 lideran\u00e7as trabalhistas de todo o Pa\u00eds, al\u00e9m de artistas, m\u00fasicos, e entusiastas da cultura que prestigiar\u00e3o o evento com diversas apresenta\u00e7\u00f5es.<\/p>\n<p>Oficializado como um dos organismos de ponta do partido em 2017, o movimento j\u00e1 est\u00e1 consolidado com comiss\u00f5es provis\u00f3rias em cerca de 20 estados e tem como objetivo defender e propagar os ideais de Darcy Ribeiro.<\/p>\n<p>A expectativa do presidente nacional do MCDR, Roberto Viana J\u00fanior, e do secret\u00e1rio-geral, Lauri Bernardes, \u00e9 de que o evento intensifique ainda mais a defesa pela democracia \u00e9 o engajamento ainda maior da classe cultural brasileira.<\/p>\n<!-- AddThis Advanced Settings generic via filter on the_content --><!-- AddThis Share Buttons generic via filter on the_content -->","protected":false},"excerpt":{"rendered":"<p>Come\u00e7a nesta segunda-feira (28), a partir das 19h, o primeiro dia do I Congresso Nacional do Movimento Cultural Darcy Ribeiro (MCDR) do PDT. O evento \u00e9 realizado na Funda\u00e7\u00e3o Nacional de Artes (Funarte), na Cinel\u00e2ndia, no Rio de Janeiro. Amanh\u00e3 acontece o segundo e \u00faltimo dia do evento, com a presen\u00e7a de\u00a0do pr\u00e9-candidato do PDT&#8230;<!-- AddThis Advanced Settings generic via filter on wp_trim_excerpt --><!-- AddThis Share Buttons generic via filter on wp_trim_excerpt --><\/p>\n","protected":false},"author":17,"featured_media":59730,"comment_status":"closed","ping_status":"closed","sticky":false,"template":"","format":"standard","meta":{"_monsterinsights_skip_tracking":false,"_monsterinsights_sitenote_active":false,"_monsterinsights_sitenote_note":"","_monsterinsights_sitenote_category":0,"_uf_show_specific_survey":0,"_uf_disable_surveys":false,"footnotes":""},"categories":[1390,2606,1397],"tags":[196,220,591,2450,2602],"class_list":["post-59727","post","type-post","status-publish","format-standard","has-post-thumbnail","hentry","category-editorias","category-movimento-cultural-darcy-ribeiro","category-movimentos","tag-carlos-lupi","tag-ciro-gomes","tag-manoel-dias","tag-movimento-cultural-darcy-ribeiro","tag-roberto-viana"],"acf":[],"_links":{"self":[{"href":"https:\/\/pdt-rj.org.br\/index.php\/wp-json\/wp\/v2\/posts\/59727","targetHints":{"allow":["GET"]}}],"collection":[{"href":"https:\/\/pdt-rj.org.br\/index.php\/wp-json\/wp\/v2\/posts"}],"about":[{"href":"https:\/\/pdt-rj.org.br\/index.php\/wp-json\/wp\/v2\/types\/post"}],"author":[{"embeddable":true,"href":"https:\/\/pdt-rj.org.br\/index.php\/wp-json\/wp\/v2\/users\/17"}],"replies":[{"embeddable":true,"href":"https:\/\/pdt-rj.org.br\/index.php\/wp-json\/wp\/v2\/comments?post=59727"}],"version-history":[{"count":2,"href":"https:\/\/pdt-rj.org.br\/index.php\/wp-json\/wp\/v2\/posts\/59727\/revisions"}],"predecessor-version":[{"id":59744,"href":"https:\/\/pdt-rj.org.br\/index.php\/wp-json\/wp\/v2\/posts\/59727\/revisions\/59744"}],"wp:featuredmedia":[{"embeddable":true,"href":"https:\/\/pdt-rj.org.br\/index.php\/wp-json\/wp\/v2\/media\/59730"}],"wp:attachment":[{"href":"https:\/\/pdt-rj.org.br\/index.php\/wp-json\/wp\/v2\/media?parent=59727"}],"wp:term":[{"taxonomy":"category","embeddable":true,"href":"https:\/\/pdt-rj.org.br\/index.php\/wp-json\/wp\/v2\/categories?post=59727"},{"taxonomy":"post_tag","embeddable":true,"href":"https:\/\/pdt-rj.org.br\/index.php\/wp-json\/wp\/v2\/tags?post=59727"}],"curies":[{"name":"wp","href":"https:\/\/api.w.org\/{rel}","templated":true}]}}