{"id":59715,"date":"2018-05-28T12:16:57","date_gmt":"2018-05-28T15:16:57","guid":{"rendered":"http:\/\/pdt-rj.org.br\/?p=59715"},"modified":"2018-05-28T12:19:50","modified_gmt":"2018-05-28T15:19:50","slug":"ciro-estara-ao-vivo-no-programa-roda-viva-nesta-segunda-feira-28-as-22h","status":"publish","type":"post","link":"https:\/\/pdt-rj.org.br\/index.php\/ciro-estara-ao-vivo-no-programa-roda-viva-nesta-segunda-feira-28-as-22h\/","title":{"rendered":"Ciro debate ao vivo, no programa Roda Viva, nesta segunda-feira (28), \u00e0s 22h"},"content":{"rendered":"<p>O pr\u00e9-candidato \u00e0 Presid\u00eancia da Rep\u00fablica pelo PDT, Ciro Gomes, estar\u00e1 ao vivo, nesta segunda-feira (28), no programa Roda Viva, da TV Cultura, a partir das 22h, hor\u00e1rio de Bras\u00edlia.<\/p>\n<p>Ao longo do programa, o presidenci\u00e1vel debater\u00e1 e apresentar\u00e1 as suas ideias para o desenvolvimento do Brasil.<\/p>\n<p>Confira a chamada de Ciro:<\/p>\n<div style=\"width: 640px;\" class=\"wp-video\"><!--[if lt IE 9]><script>document.createElement('video');<\/script><![endif]-->\n<video class=\"wp-video-shortcode\" id=\"video-59715-1\" width=\"640\" height=\"352\" preload=\"metadata\" controls=\"controls\"><source type=\"video\/mp4\" src=\"http:\/\/pdt-rj.org.br\/wp-content\/uploads\/2018\/05\/Ciro-no-Roda-Viva-nesta-segunda-feira-28-\u00e0s-20h.mp4?_=1\" \/><a href=\"http:\/\/pdt-rj.org.br\/wp-content\/uploads\/2018\/05\/Ciro-no-Roda-Viva-nesta-segunda-feira-28-\u00e0s-20h.mp4\">http:\/\/pdt-rj.org.br\/wp-content\/uploads\/2018\/05\/Ciro-no-Roda-Viva-nesta-segunda-feira-28-\u00e0s-20h.mp4<\/a><\/video><\/div>\n<p>&nbsp;<\/p>\n<p>&nbsp;<\/p>\n<!-- AddThis Advanced Settings generic via filter on the_content --><!-- AddThis Share Buttons generic via filter on the_content -->","protected":false},"excerpt":{"rendered":"<p>O pr\u00e9-candidato \u00e0 Presid\u00eancia da Rep\u00fablica pelo PDT, Ciro Gomes, estar\u00e1 ao vivo, nesta segunda-feira (28), no programa Roda Viva, da TV Cultura, a partir das 22h, hor\u00e1rio de Bras\u00edlia. Ao longo do programa, o presidenci\u00e1vel debater\u00e1 e apresentar\u00e1 as suas ideias para o desenvolvimento do Brasil. Confira a chamada de Ciro: http:\/\/pdt-rj.org.br\/wp-content\/uploads\/2018\/05\/Ciro-no-Roda-Viva-nesta-segunda-feira-28-\u00e0s-20h.mp4 &nbsp; &nbsp;<!-- AddThis Advanced Settings generic via filter on wp_trim_excerpt --><!-- AddThis Share Buttons generic via filter on wp_trim_excerpt --><\/p>\n","protected":false},"author":17,"featured_media":59717,"comment_status":"closed","ping_status":"closed","sticky":false,"template":"","format":"standard","meta":{"_monsterinsights_skip_tracking":false,"_monsterinsights_sitenote_active":false,"_monsterinsights_sitenote_note":"","_monsterinsights_sitenote_category":0,"_uf_show_specific_survey":0,"_uf_disable_surveys":false,"footnotes":""},"categories":[975],"tags":[2961,1757],"class_list":["post-59715","post","type-post","status-publish","format-standard","has-post-thumbnail","hentry","category-manchete","tag-gomes","tag-roda-viva"],"acf":[],"_links":{"self":[{"href":"https:\/\/pdt-rj.org.br\/index.php\/wp-json\/wp\/v2\/posts\/59715","targetHints":{"allow":["GET"]}}],"collection":[{"href":"https:\/\/pdt-rj.org.br\/index.php\/wp-json\/wp\/v2\/posts"}],"about":[{"href":"https:\/\/pdt-rj.org.br\/index.php\/wp-json\/wp\/v2\/types\/post"}],"author":[{"embeddable":true,"href":"https:\/\/pdt-rj.org.br\/index.php\/wp-json\/wp\/v2\/users\/17"}],"replies":[{"embeddable":true,"href":"https:\/\/pdt-rj.org.br\/index.php\/wp-json\/wp\/v2\/comments?post=59715"}],"version-history":[{"count":6,"href":"https:\/\/pdt-rj.org.br\/index.php\/wp-json\/wp\/v2\/posts\/59715\/revisions"}],"predecessor-version":[{"id":59724,"href":"https:\/\/pdt-rj.org.br\/index.php\/wp-json\/wp\/v2\/posts\/59715\/revisions\/59724"}],"wp:featuredmedia":[{"embeddable":true,"href":"https:\/\/pdt-rj.org.br\/index.php\/wp-json\/wp\/v2\/media\/59717"}],"wp:attachment":[{"href":"https:\/\/pdt-rj.org.br\/index.php\/wp-json\/wp\/v2\/media?parent=59715"}],"wp:term":[{"taxonomy":"category","embeddable":true,"href":"https:\/\/pdt-rj.org.br\/index.php\/wp-json\/wp\/v2\/categories?post=59715"},{"taxonomy":"post_tag","embeddable":true,"href":"https:\/\/pdt-rj.org.br\/index.php\/wp-json\/wp\/v2\/tags?post=59715"}],"curies":[{"name":"wp","href":"https:\/\/api.w.org\/{rel}","templated":true}]}}