{"id":59618,"date":"2018-05-17T16:57:31","date_gmt":"2018-05-17T19:57:31","guid":{"rendered":"http:\/\/pdt-rj.org.br\/?p=59618"},"modified":"2018-05-22T18:53:06","modified_gmt":"2018-05-22T21:53:06","slug":"i-congresso-nacional-do-movimento-cultural-darcy-ribeiro-sera-nos-dias-28-e-29-de-maio","status":"publish","type":"post","link":"https:\/\/pdt-rj.org.br\/index.php\/i-congresso-nacional-do-movimento-cultural-darcy-ribeiro-sera-nos-dias-28-e-29-de-maio\/","title":{"rendered":"I Congresso Nacional do Movimento Cultural Darcy Ribeiro ser\u00e1 nos dias 28 e 29 de maio"},"content":{"rendered":"<p>Quem acredita na cultura como ferramenta de transforma\u00e7\u00e3o social para o Brasil tem um encontro marcado nos dias 28 e 29 de maio,\u00a0 no I Congresso Nacional do Movimento Cultural Darcy Ribeiro (MCDR) do PDT. O evento ser\u00e1 realizado na Funda\u00e7\u00e3o Nacional de Artes (Funarte), na Cinel\u00e2ndia, no Rio de Janeiro, \u00e0s 19h.<\/p>\n<p>Al\u00e9m do pr\u00e9-candidato do PDT \u00e0 presid\u00eancia, Ciro Gomes, do presidente nacional da legenda, Carlos Lupi, e do secret\u00e1rio-geral nacional da legenda, Manoel Dias, o Congresso reunir\u00e1 lideran\u00e7as trabalhistas de todo o Pa\u00eds, al\u00e9m de artistas, m\u00fasicos, e entusiastas da cultura que prestigiar\u00e3o o evento com diversas apresenta\u00e7\u00f5es.<\/p>\n<p>Oficializado como um dos organismos de ponta do partido em 2017, o movimento j\u00e1 est\u00e1 consolidado com comiss\u00f5es provis\u00f3rias em cerca de 20 estados e tem como objetivo defender e propagar os ideais de Darcy Ribeiro.<\/p>\n<p>A expectativa do presidente nacional do MCDR, Roberto Viana J\u00fanior, e do secret\u00e1rio-geral, Lauri Bernardes, \u00e9 de que o evento intensifique ainda mais a defesa pela democracia \u00e9 o engajamento ainda maior da classe cultural brasileira.<\/p>\n<!-- AddThis Advanced Settings generic via filter on the_content --><!-- AddThis Share Buttons generic via filter on the_content -->","protected":false},"excerpt":{"rendered":"<p>Quem acredita na cultura como ferramenta de transforma\u00e7\u00e3o social para o Brasil tem um encontro marcado nos dias 28 e 29 de maio,\u00a0 no I Congresso Nacional do Movimento Cultural Darcy Ribeiro (MCDR) do PDT. O evento ser\u00e1 realizado na Funda\u00e7\u00e3o Nacional de Artes (Funarte), na Cinel\u00e2ndia, no Rio de Janeiro, \u00e0s 19h. Al\u00e9m do&#8230;<!-- AddThis Advanced Settings generic via filter on wp_trim_excerpt --><!-- AddThis Share Buttons generic via filter on wp_trim_excerpt --><\/p>\n","protected":false},"author":17,"featured_media":59604,"comment_status":"closed","ping_status":"closed","sticky":false,"template":"","format":"standard","meta":{"_monsterinsights_skip_tracking":false,"_monsterinsights_sitenote_active":false,"_monsterinsights_sitenote_note":"","_monsterinsights_sitenote_category":0,"_uf_show_specific_survey":0,"_uf_disable_surveys":false,"footnotes":""},"categories":[1390,2606,1397],"tags":[196,220,2941,2450,38],"class_list":["post-59618","post","type-post","status-publish","format-standard","has-post-thumbnail","hentry","category-editorias","category-movimento-cultural-darcy-ribeiro","category-movimentos","tag-carlos-lupi","tag-ciro-gomes","tag-i-congresso-nacional","tag-movimento-cultural-darcy-ribeiro","tag-pdt"],"acf":[],"_links":{"self":[{"href":"https:\/\/pdt-rj.org.br\/index.php\/wp-json\/wp\/v2\/posts\/59618","targetHints":{"allow":["GET"]}}],"collection":[{"href":"https:\/\/pdt-rj.org.br\/index.php\/wp-json\/wp\/v2\/posts"}],"about":[{"href":"https:\/\/pdt-rj.org.br\/index.php\/wp-json\/wp\/v2\/types\/post"}],"author":[{"embeddable":true,"href":"https:\/\/pdt-rj.org.br\/index.php\/wp-json\/wp\/v2\/users\/17"}],"replies":[{"embeddable":true,"href":"https:\/\/pdt-rj.org.br\/index.php\/wp-json\/wp\/v2\/comments?post=59618"}],"version-history":[{"count":5,"href":"https:\/\/pdt-rj.org.br\/index.php\/wp-json\/wp\/v2\/posts\/59618\/revisions"}],"predecessor-version":[{"id":59660,"href":"https:\/\/pdt-rj.org.br\/index.php\/wp-json\/wp\/v2\/posts\/59618\/revisions\/59660"}],"wp:featuredmedia":[{"embeddable":true,"href":"https:\/\/pdt-rj.org.br\/index.php\/wp-json\/wp\/v2\/media\/59604"}],"wp:attachment":[{"href":"https:\/\/pdt-rj.org.br\/index.php\/wp-json\/wp\/v2\/media?parent=59618"}],"wp:term":[{"taxonomy":"category","embeddable":true,"href":"https:\/\/pdt-rj.org.br\/index.php\/wp-json\/wp\/v2\/categories?post=59618"},{"taxonomy":"post_tag","embeddable":true,"href":"https:\/\/pdt-rj.org.br\/index.php\/wp-json\/wp\/v2\/tags?post=59618"}],"curies":[{"name":"wp","href":"https:\/\/api.w.org\/{rel}","templated":true}]}}