{"id":59581,"date":"2018-05-15T11:47:54","date_gmt":"2018-05-15T14:47:54","guid":{"rendered":"http:\/\/pdt-rj.org.br\/?p=59581"},"modified":"2018-05-15T16:30:20","modified_gmt":"2018-05-15T19:30:20","slug":"roberto-claudio-firma-acordo-de-cooperacao-com-fundacao-sueca-na-area-da-juventude","status":"publish","type":"post","link":"https:\/\/pdt-rj.org.br\/index.php\/roberto-claudio-firma-acordo-de-cooperacao-com-fundacao-sueca-na-area-da-juventude\/","title":{"rendered":"Roberto Cl\u00e1udio firma Acordo de Coopera\u00e7\u00e3o com Funda\u00e7\u00e3o sueca"},"content":{"rendered":"<p>Em seu primeiro compromisso oficial em Estocolmo, capital da Su\u00e9cia, nessa segunda-feira (14), o prefeito Roberto Cl\u00e1udio visitou a Funda\u00e7\u00e3o Fryshuset, onde assinou Acordo de Coopera\u00e7\u00e3o T\u00e9cnica entre o Munic\u00edpio de Fortaleza e a organiza\u00e7\u00e3o que \u00e9 hoje um dos maiores centros para forma\u00e7\u00e3o de Juventude de todo o mundo.<\/p>\n<p>O prefeito Roberto Cl\u00e1udio, que esteve acompanhado da coordenadora de Rela\u00e7\u00f5es Internacionais da\u00a0Prefeitura de Fortaleza, Patr\u00edcia Macedo, assinou o termo de coopera\u00e7\u00e3o com o diretor executivo da Fryshuset, Johan Oljeqvist.<\/p>\n<p>Respons\u00e1vel por v\u00e1rias escolas, programas de forma\u00e7\u00e3o profissional, cursos de teatro, m\u00fasica e esportes naquele pa\u00eds, a Funda\u00e7\u00e3o Fryshuset, vinculada \u00e0 Prefeitura de Estocolmo, atua na execu\u00e7\u00e3o e acompanhamento das pol\u00edticas de juventude, notadamente na assist\u00eancia aos jovens em situa\u00e7\u00e3o de risco.<\/p>\n<p>A Funda\u00e7\u00e3o trabalho em quatro eixos: educa\u00e7\u00e3o formal por meio de uma escola, pol\u00edticas de cultura juvenil, pol\u00edticas sociais nas comunidades de risco e uma\u00a0dimens\u00e3o de trabalho e\u00a0empreendedorismo.<\/p>\n<p>\u201cO Acordo de Coopera\u00e7\u00e3o que n\u00f3s assinamos hoje, aqui em Estocolmo, visa desenvolver projetos com a Rede Cuca para a juventude de Fortaleza, com um modelo que j\u00e1 \u00e9 um sucesso global. Eles, inclusive, j\u00e1 estiveram em Fortaleza e viram muita similaridade entre as a\u00e7\u00f5es da Rede Cuca e o que eles fazem aqui, e o nosso acordo de coopera\u00e7\u00e3o vai garantir novas a\u00e7\u00f5es na preven\u00e7\u00e3o do crime e na viol\u00eancia juvenil. Uma das a\u00e7\u00f5es \u00e9 a identifica\u00e7\u00e3o do jovens em situa\u00e7\u00e3o de risco e o trabalho com esse p\u00fablico\u201d, disse Roberto Cl\u00e1udio, destacando que<\/p>\n<p>\u201cO mais animador \u00e9 a pretens\u00e3o da funda\u00e7\u00e3o de abrir, j\u00e1 no pr\u00f3ximo ano, uma sede em Fortaleza para funcionar como uma nova unidade da Rede Cuca, compreendendo esse interc\u00e2mbio de informa\u00e7\u00f5es e experi\u00eancias, numa a\u00e7\u00e3o financiado pela funda\u00e7\u00e3o e co-financiada pela Prefeitura de Fortaleza\u201d, concluiu.<\/p>\n<p>A parceria com a Funda\u00e7\u00e3o sueca tamb\u00e9m vai permitir a elabora\u00e7\u00e3o de projetos conjuntos com foco na aten\u00e7\u00e3o a jovens em situa\u00e7\u00e3o de risco e vulnerabilidade social, abrangendo tamb\u00e9m a forma\u00e7\u00e3o de jovens mediadores a ser realizada pela Funda\u00e7\u00e3o em Fortaleza.<\/p>\n<p>Como parte das a\u00e7\u00f5es parceiras entre a Prefeitura de Fortaleza e a Funda\u00e7\u00e3o, a Capital cearense foi escolhida para ser a cidade na Am\u00e9rica Latina a sediar, em agosto deste ano, o programa de lideran\u00e7a da Fryshuset, para forma\u00e7\u00e3o de jovens mediadores que vivem em comunidades vulner\u00e1veis socialmente.<\/p>\n<p>O <em>Peace Leaders<\/em> (L\u00edderes da Paz) \u00e9 um curso de lideran\u00e7a desenvolvido h\u00e1 mais de 30 anos, com experi\u00eancias pr\u00e1ticas com jovens, m\u00e9todos de lideran\u00e7a e gest\u00e3o de conflitos. O programa \u00e9 um projeto internacional financiado pelo Minist\u00e9rio Sueco de Rela\u00e7\u00f5es Exteriores, implementado pelo centro juvenil Fryshuset.<\/p>\n<p>A iniciativa \u00e9 uma resposta \u00e0 Resolu\u00e7\u00e3o 2250 do Conselho de Seguran\u00e7a da Organiza\u00e7\u00e3o das Na\u00e7\u00f5es Unidas (ONU) sobre Juventude, Paz e Seguran\u00e7a. Dentro do escopo do projeto, a Fryshuset realizar\u00e1 em 2018 tr\u00eas cursos do programa em tr\u00eas regi\u00f5es do mundo. Um total de 50 a 60 jovens l\u00edderes da paz da \u00c1frica, do Oriente M\u00e9dio e da Am\u00e9rica Latina participar\u00e3o em 2018. O formato \u00e9 um curso intensivo de cinco dias que acontece entre maio e outubro, nas cidades de Fortaleza, em Agosto, na cidade de Am\u00e3, na Jord\u00e2nia, em Setembro, e na cidade de Nair\u00f3bi, no Qu\u00eania, no m\u00eas de Outubro.<\/p>\n<p>Os participantes devem ter entre 18 e 29 anos e que desejem melhorar ou fazer uma mudan\u00e7a em sua comunidade local, sejam profissionais que est\u00e3o em contato com jovens pr\u00f3ximos ou em risco de estar em conflito.<br \/>\nTamb\u00e9m podem participar pessoas com experi\u00eancia pr\u00e1tica ou acad\u00eamica em rela\u00e7\u00e3o \u00e0 paz e \u00e0 seguran\u00e7a ou jovens interessados em embarcar em novas miss\u00f5es de lideran\u00e7a.<\/p>\n<!-- AddThis Advanced Settings generic via filter on the_content --><!-- AddThis Share Buttons generic via filter on the_content -->","protected":false},"excerpt":{"rendered":"<p>Em seu primeiro compromisso oficial em Estocolmo, capital da Su\u00e9cia, nessa segunda-feira (14), o prefeito Roberto Cl\u00e1udio visitou a Funda\u00e7\u00e3o Fryshuset, onde assinou Acordo de Coopera\u00e7\u00e3o T\u00e9cnica entre o Munic\u00edpio de Fortaleza e a organiza\u00e7\u00e3o que \u00e9 hoje um dos maiores centros para forma\u00e7\u00e3o de Juventude de todo o mundo. O prefeito Roberto Cl\u00e1udio, que&#8230;<!-- AddThis Advanced Settings generic via filter on wp_trim_excerpt --><!-- AddThis Share Buttons generic via filter on wp_trim_excerpt --><\/p>\n","protected":false},"author":17,"featured_media":59582,"comment_status":"closed","ping_status":"closed","sticky":false,"template":"","format":"standard","meta":{"_monsterinsights_skip_tracking":false,"_monsterinsights_sitenote_active":false,"_monsterinsights_sitenote_note":"","_monsterinsights_sitenote_category":0,"_uf_show_specific_survey":0,"_uf_disable_surveys":false,"footnotes":""},"categories":[1390],"tags":[2933,2934,1403,2935,2936,2937,836],"class_list":["post-59581","post","type-post","status-publish","format-standard","has-post-thumbnail","hentry","category-editorias","tag-acordo-de-cooperacao-tecnica","tag-estocolmo-suecia","tag-fortaleza-ce","tag-fundacao-fryshuset","tag-peace-leaders","tag-politicas-de-juventude","tag-roberto-claudio"],"acf":[],"_links":{"self":[{"href":"https:\/\/pdt-rj.org.br\/index.php\/wp-json\/wp\/v2\/posts\/59581","targetHints":{"allow":["GET"]}}],"collection":[{"href":"https:\/\/pdt-rj.org.br\/index.php\/wp-json\/wp\/v2\/posts"}],"about":[{"href":"https:\/\/pdt-rj.org.br\/index.php\/wp-json\/wp\/v2\/types\/post"}],"author":[{"embeddable":true,"href":"https:\/\/pdt-rj.org.br\/index.php\/wp-json\/wp\/v2\/users\/17"}],"replies":[{"embeddable":true,"href":"https:\/\/pdt-rj.org.br\/index.php\/wp-json\/wp\/v2\/comments?post=59581"}],"version-history":[{"count":4,"href":"https:\/\/pdt-rj.org.br\/index.php\/wp-json\/wp\/v2\/posts\/59581\/revisions"}],"predecessor-version":[{"id":59594,"href":"https:\/\/pdt-rj.org.br\/index.php\/wp-json\/wp\/v2\/posts\/59581\/revisions\/59594"}],"wp:featuredmedia":[{"embeddable":true,"href":"https:\/\/pdt-rj.org.br\/index.php\/wp-json\/wp\/v2\/media\/59582"}],"wp:attachment":[{"href":"https:\/\/pdt-rj.org.br\/index.php\/wp-json\/wp\/v2\/media?parent=59581"}],"wp:term":[{"taxonomy":"category","embeddable":true,"href":"https:\/\/pdt-rj.org.br\/index.php\/wp-json\/wp\/v2\/categories?post=59581"},{"taxonomy":"post_tag","embeddable":true,"href":"https:\/\/pdt-rj.org.br\/index.php\/wp-json\/wp\/v2\/tags?post=59581"}],"curies":[{"name":"wp","href":"https:\/\/api.w.org\/{rel}","templated":true}]}}