{"id":59563,"date":"2018-05-14T17:47:53","date_gmt":"2018-05-14T20:47:53","guid":{"rendered":"http:\/\/pdt-rj.org.br\/?p=59563"},"modified":"2018-05-21T12:47:06","modified_gmt":"2018-05-21T15:47:06","slug":"fundacao-leonel-brizola-promove-a-conferencia-eleicoes-2018-nesta-terca-feira-15","status":"publish","type":"post","link":"https:\/\/pdt-rj.org.br\/index.php\/fundacao-leonel-brizola-promove-a-conferencia-eleicoes-2018-nesta-terca-feira-15\/","title":{"rendered":"Funda\u00e7\u00e3o Leonel Brizola promove a Confer\u00eancia Elei\u00e7\u00f5es 2018 nesta ter\u00e7a-feira (15)"},"content":{"rendered":"<p>A Funda\u00e7\u00e3o Leonel Brizola \u2013 Alberto Pasqualini (FLB-AP) reunir\u00e1 advogados e pr\u00e9-candidatos, em Bras\u00edlia (DF), para a Confer\u00eancia Elei\u00e7\u00f5es 2018. O evento, organizado pelo N\u00facleo Jur\u00eddico Nacional, acontece nesta ter\u00e7a-feira (15), \u00e0 19h, na sede nacional do PDT.<\/p>\n<p>Liderado por Jorge Washington, Cristiane Britto e Daniel Falc\u00e3o, os debates abordar\u00e3o a propaganda na pr\u00e9-campanha e durante o per\u00edodo oficial, presta\u00e7\u00e3o de contas do candidato e do partido e financiamento coletivo.<\/p>\n<p>A p\u00e1gina oficial da Funda\u00e7\u00e3o no Facebook far\u00e1 transmiss\u00e3o ao vivo. Acesse: <a href=\"https:\/\/www.facebook.com\/fundacaoleonelbrizola\">fb.com\/fundacaoleonelbrizola<\/a>.<\/p>\n<!-- AddThis Advanced Settings generic via filter on the_content --><!-- AddThis Share Buttons generic via filter on the_content -->","protected":false},"excerpt":{"rendered":"<p>A Funda\u00e7\u00e3o Leonel Brizola \u2013 Alberto Pasqualini (FLB-AP) reunir\u00e1 advogados e pr\u00e9-candidatos, em Bras\u00edlia (DF), para a Confer\u00eancia Elei\u00e7\u00f5es 2018. O evento, organizado pelo N\u00facleo Jur\u00eddico Nacional, acontece nesta ter\u00e7a-feira (15), \u00e0 19h, na sede nacional do PDT. Liderado por Jorge Washington, Cristiane Britto e Daniel Falc\u00e3o, os debates abordar\u00e3o a propaganda na pr\u00e9-campanha e&#8230;<!-- AddThis Advanced Settings generic via filter on wp_trim_excerpt --><!-- AddThis Share Buttons generic via filter on wp_trim_excerpt --><\/p>\n","protected":false},"author":17,"featured_media":59568,"comment_status":"closed","ping_status":"closed","sticky":false,"template":"","format":"standard","meta":{"_monsterinsights_skip_tracking":false,"_monsterinsights_sitenote_active":false,"_monsterinsights_sitenote_note":"","_monsterinsights_sitenote_category":0,"_uf_show_specific_survey":0,"_uf_disable_surveys":false,"footnotes":""},"categories":[1390],"tags":[2932],"class_list":["post-59563","post","type-post","status-publish","format-standard","has-post-thumbnail","hentry","category-editorias","tag-conferencia-eleicoes-2018"],"acf":[],"_links":{"self":[{"href":"https:\/\/pdt-rj.org.br\/index.php\/wp-json\/wp\/v2\/posts\/59563","targetHints":{"allow":["GET"]}}],"collection":[{"href":"https:\/\/pdt-rj.org.br\/index.php\/wp-json\/wp\/v2\/posts"}],"about":[{"href":"https:\/\/pdt-rj.org.br\/index.php\/wp-json\/wp\/v2\/types\/post"}],"author":[{"embeddable":true,"href":"https:\/\/pdt-rj.org.br\/index.php\/wp-json\/wp\/v2\/users\/17"}],"replies":[{"embeddable":true,"href":"https:\/\/pdt-rj.org.br\/index.php\/wp-json\/wp\/v2\/comments?post=59563"}],"version-history":[{"count":7,"href":"https:\/\/pdt-rj.org.br\/index.php\/wp-json\/wp\/v2\/posts\/59563\/revisions"}],"predecessor-version":[{"id":59643,"href":"https:\/\/pdt-rj.org.br\/index.php\/wp-json\/wp\/v2\/posts\/59563\/revisions\/59643"}],"wp:featuredmedia":[{"embeddable":true,"href":"https:\/\/pdt-rj.org.br\/index.php\/wp-json\/wp\/v2\/media\/59568"}],"wp:attachment":[{"href":"https:\/\/pdt-rj.org.br\/index.php\/wp-json\/wp\/v2\/media?parent=59563"}],"wp:term":[{"taxonomy":"category","embeddable":true,"href":"https:\/\/pdt-rj.org.br\/index.php\/wp-json\/wp\/v2\/categories?post=59563"},{"taxonomy":"post_tag","embeddable":true,"href":"https:\/\/pdt-rj.org.br\/index.php\/wp-json\/wp\/v2\/tags?post=59563"}],"curies":[{"name":"wp","href":"https:\/\/api.w.org\/{rel}","templated":true}]}}