{"id":59443,"date":"2018-05-07T18:45:25","date_gmt":"2018-05-07T21:45:25","guid":{"rendered":"http:\/\/pdt-rj.org.br\/?p=59443"},"modified":"2018-05-11T18:58:07","modified_gmt":"2018-05-11T21:58:07","slug":"ciro-afirma-que-seu-governo-sera-de-respeito-as-diferencas-e-de-imposicao-a-tolerancia","status":"publish","type":"post","link":"https:\/\/pdt-rj.org.br\/index.php\/ciro-afirma-que-seu-governo-sera-de-respeito-as-diferencas-e-de-imposicao-a-tolerancia\/","title":{"rendered":"Ciro afirma que seu governo ser\u00e1 de respeito \u00e0s diferen\u00e7as e de imposi\u00e7\u00e3o \u00e0 toler\u00e2ncia"},"content":{"rendered":"<p>\u201cUm governo presidido por mim ser\u00e1 um governo de respeito \u00e0s diferen\u00e7as, da imposi\u00e7\u00e3o \u00e0 toler\u00e2ncia, de respeito \u00e0s pol\u00edticas afirmativas para todos os grupos que sofrem qualquer tipo de discrimina\u00e7\u00e3o; negros, mulheres, LGBT, todos\u201d. Foi com essa fala que o presidenci\u00e1vel Ciro Gomes disse a que veio, no 1\u00ba Congresso Nacional do PDT Diversidade, realizando no \u00faltimo s\u00e1bado (5).<\/p>\n<p>Al\u00e9m do candidato \u00e0 presid\u00eancia da Rep\u00fablica pelo PDT, o evento \u2013 realizado na sede do PDT em Guarulhos (SP) \u2013 contou com as presen\u00e7as de delegados de 15 estados da Federa\u00e7\u00e3o, militantes e autoridades. Amanda Anderson foi reconduzida para a presid\u00eancia do PDT Diversidade.<\/p>\n<p>Os congressistas tamb\u00e9m tiveram a oportunidade de acompanhar as palestras a respeito do atual cen\u00e1rio da crescente intoler\u00e2ncia no pa\u00eds, da trajet\u00f3ria do movimento de L\u00e9sbicas, Gays, Bissexuais, Travestis e Transexuais (LGBT) no \u00e2mbito de lutas, da realidade da car\u00eancia de pol\u00edticas para a popula\u00e7\u00e3o Idosa do segmento e de estat\u00edsticas de viola\u00e7\u00e3o de direitos humanos e cidadania desta popula\u00e7\u00e3o brasileira.\u00a0Por meio de Grupos de Trabalho, os delegados 14 estados mais o Distrito Federal, apontaram propostas que ser\u00e3o diretrizes de trabalho do movimento e que tamb\u00e9m ir\u00e1 compor o Plano de Governo de Ciro.<\/p>\n<p>Ciro confirmou que dar\u00e1 voz \u00e0 popula\u00e7\u00e3o LGBT em seu Plano de Governo e que ser\u00e1 necess\u00e1rio debater para que se possa avan\u00e7ar na constru\u00e7\u00e3o de um pa\u00eds mais igualit\u00e1rio.<\/p>\n<p>\u201cFa\u00e7am seu documento, n\u00e3o deixem por menos, vou examinar, vou estudar, vou publicar e voc\u00eas v\u00e3o ver que essa voz ser\u00e1 a voz de voc\u00eas\u201d, destacou. \u201cVou botar no meu programa escrito de governo. Essa pol\u00eamica eu quero pra mim. E era a \u00faltima coisa, era s\u00f3 o que faltava, eu estigmatizar, eu discriminar algu\u00e9m pela mera quest\u00e3o da orienta\u00e7\u00e3o sexual. Isso \u00e9 absolutamente medieval e n\u00f3s precisamos por em debate isso no Brasil, com muita humildade, com paci\u00eancia, respeitando esse Brasil bem intencionado que est\u00e1 a\u00ed, mas indo pra cima do Brasil oportunista, elitista e salafr\u00e1rio\u201d, prosseguiu em sua fala.<\/p>\n<p>J\u00e1 para Amanda Anderson, a realiza\u00e7\u00e3o deste 1\u00ba congresso sinalizou um marco hist\u00f3rico para o PDT.<\/p>\n<p>\u201cEstamos nos sentindo realizados em concretizar o 1\u00ba Congresso Nacional do PDT Diversidade, pois, a partir de agora, iremos trabalhar em todas as inst\u00e2ncias de poder para a consolida\u00e7\u00e3o das demandas da popula\u00e7\u00e3o LGBT de nosso pa\u00eds\u201d, enfatizou.<\/p>\n<p>Para o vice-presidente nacional do PDT Diversidade, Ramon Calixto, este ser\u00e1 o momento de mobilizarmos os milh\u00f5es de LGBTs espalhados por todo o Brasil durante o per\u00edodo eleitoral.<\/p>\n<p>\u201cSomos mais de 20 de milh\u00f5es, se mobilizarmos nossos familiares e amigos, somos capazes de decidirmos quem nos representar\u00e3o nestas futuras elei\u00e7\u00f5es\u201d, destacou.<\/p>\n<p>Ao final do evento, os congressistas reformularam o regime interno para o pr\u00f3ximo congresso e o estatuto que rege as diretrizes do movimento.<\/p>\n<!-- AddThis Advanced Settings generic via filter on the_content --><!-- AddThis Share Buttons generic via filter on the_content -->","protected":false},"excerpt":{"rendered":"<p>\u201cUm governo presidido por mim ser\u00e1 um governo de respeito \u00e0s diferen\u00e7as, da imposi\u00e7\u00e3o \u00e0 toler\u00e2ncia, de respeito \u00e0s pol\u00edticas afirmativas para todos os grupos que sofrem qualquer tipo de discrimina\u00e7\u00e3o; negros, mulheres, LGBT, todos\u201d. Foi com essa fala que o presidenci\u00e1vel Ciro Gomes disse a que veio, no 1\u00ba Congresso Nacional do PDT Diversidade,&#8230;<!-- AddThis Advanced Settings generic via filter on wp_trim_excerpt --><!-- AddThis Share Buttons generic via filter on wp_trim_excerpt --><\/p>\n","protected":false},"author":17,"featured_media":59444,"comment_status":"closed","ping_status":"closed","sticky":false,"template":"","format":"standard","meta":{"_monsterinsights_skip_tracking":false,"_monsterinsights_sitenote_active":false,"_monsterinsights_sitenote_note":"","_monsterinsights_sitenote_category":0,"_uf_show_specific_survey":0,"_uf_disable_surveys":false,"footnotes":""},"categories":[1390,1397,1401,1912],"tags":[51,220,38,2924,2925],"class_list":["post-59443","post","type-post","status-publish","format-standard","has-post-thumbnail","hentry","category-editorias","category-movimentos","category-nacional","category-diversidade","tag-amanda-anderson","tag-ciro-gomes","tag-pdt","tag-pdt-diverisidade","tag-tolerancia"],"acf":[],"_links":{"self":[{"href":"https:\/\/pdt-rj.org.br\/index.php\/wp-json\/wp\/v2\/posts\/59443","targetHints":{"allow":["GET"]}}],"collection":[{"href":"https:\/\/pdt-rj.org.br\/index.php\/wp-json\/wp\/v2\/posts"}],"about":[{"href":"https:\/\/pdt-rj.org.br\/index.php\/wp-json\/wp\/v2\/types\/post"}],"author":[{"embeddable":true,"href":"https:\/\/pdt-rj.org.br\/index.php\/wp-json\/wp\/v2\/users\/17"}],"replies":[{"embeddable":true,"href":"https:\/\/pdt-rj.org.br\/index.php\/wp-json\/wp\/v2\/comments?post=59443"}],"version-history":[{"count":5,"href":"https:\/\/pdt-rj.org.br\/index.php\/wp-json\/wp\/v2\/posts\/59443\/revisions"}],"predecessor-version":[{"id":59554,"href":"https:\/\/pdt-rj.org.br\/index.php\/wp-json\/wp\/v2\/posts\/59443\/revisions\/59554"}],"wp:featuredmedia":[{"embeddable":true,"href":"https:\/\/pdt-rj.org.br\/index.php\/wp-json\/wp\/v2\/media\/59444"}],"wp:attachment":[{"href":"https:\/\/pdt-rj.org.br\/index.php\/wp-json\/wp\/v2\/media?parent=59443"}],"wp:term":[{"taxonomy":"category","embeddable":true,"href":"https:\/\/pdt-rj.org.br\/index.php\/wp-json\/wp\/v2\/categories?post=59443"},{"taxonomy":"post_tag","embeddable":true,"href":"https:\/\/pdt-rj.org.br\/index.php\/wp-json\/wp\/v2\/tags?post=59443"}],"curies":[{"name":"wp","href":"https:\/\/api.w.org\/{rel}","templated":true}]}}