{"id":59418,"date":"2018-05-03T18:50:37","date_gmt":"2018-05-03T21:50:37","guid":{"rendered":"http:\/\/pdt-rj.org.br\/?p=59418"},"modified":"2018-05-03T19:20:43","modified_gmt":"2018-05-03T22:20:43","slug":"juventude-socialista-carioca-pela-primeira-vez-mulheres-sao-eleitas-presidente-e-vice","status":"publish","type":"post","link":"https:\/\/pdt-rj.org.br\/index.php\/juventude-socialista-carioca-pela-primeira-vez-mulheres-sao-eleitas-presidente-e-vice\/","title":{"rendered":"Juventude Socialista Carioca: pela primeira vez, mulheres s\u00e3o eleitas presidente e vice"},"content":{"rendered":"<p>Aconteceu, no \u00faltimo domingo (29), na cidade do Rio de Janeiro, o XVII Congresso Municipal da Juventude Socialista. Jovens pedetistas de toda cidade e munic\u00edpios lim\u00edtrofes compareceram no Parque Madureira, o terceiro maior do Rio de Janeiro, no sub\u00farbio carioca, para discutir pol\u00edtica e eleger a nova dire\u00e7\u00e3o (2018-2020). No local, tamb\u00e9m ocorreram atra\u00e7\u00f5es culturais como a exposi\u00e7\u00e3o \u201cFilhas da Luta\u201d, sobre mulheres importantes na luta pol\u00edtica nacional e a apresenta\u00e7\u00e3o do Bloco Carnavalesco \u00d3rf\u00e3os do Brizola.<\/p>\n<p>O tema proposto, \u201cUm projeto Alternativo de Cidade\u201d, abordou os in\u00fameros desafios de uma juventude negra, pobre e LGBT na segunda maior metr\u00f3pole do pa\u00eds. Que mesmo sendo palco de grandes eventos (Copa do Mundo 2014 e Olimp\u00edadas 2016) n\u00e3o conseguiu diminuir o alto grau de desigualdade social. A Cidade \u201cMaravilhosa\u201d hoje est\u00e1 em calamidade p\u00fablica e sofre com uma Interven\u00e7\u00e3o Federal que aumentou o \u00edndice de homic\u00eddio e tem no seu comando um bispo-prefeito omisso com a gest\u00e3o da cidade, que est\u00e1 mais preocupado em desmontar a cultura em prol de um projeto personalista que consiste em evangelizar os cidad\u00e3os cariocas de outras denomina\u00e7\u00f5es religiosas.<\/p>\n<p>O encontro come\u00e7ou com uma de roda de conversa e discutiu dois temas: \u201cEmerg\u00eancias\u201d (intoler\u00e2ncia) e \u201cCultura e a Identidade Carioca\u201d, onde foram expostas as agendas reacion\u00e1rias que o prefeito institui contra a cultura carnavalesca e as minorias pelos convidados: Alice, presidente estadual da A\u00e7\u00e3o da Mulher Trabalhista (AMT),\u00a0 Reinaldo Santos, presidente municipal do Movimento Negro, Vitor Almeida, criador da p\u00e1gina \u201cSuburbano da Depress\u00e3o\u201d, no Facebook, Juliana Ara\u00fajo, presidente do bloco carnavalesco \u201cEnxota Que Eu Vou\u201d, Tiago Veras, presidente estadual do PDT Diversidade e Vitor Dell Rey, cientista social.<\/p>\n<p>Na parte da tarde, aconteceu um painel \u201cCidades em Disputa\u201d que contou com a participa\u00e7\u00e3o de Vitor Almeida, Rodrigo Moitrel (criador do \u201cMovimento Ao Ar Livre\u201d) e Everton Gomes, Vice-presidente da Funda\u00e7\u00e3o Leonel Brizola \u2013 Alberto Pasqualini (FLB-AP).<\/p>\n<p>Ao final, foi apresentada a parit\u00e1ria Chapa 12, recebida com gritos, aplausos e eleita por aclama\u00e7\u00e3o. Composta pela seguinte composi\u00e7\u00e3o:<\/p>\n<p>Presidente: Nat\u00e1lia Moraes, vice-presidente: Sarah Souza, secret\u00e1rio-geral: Renan Uccelli, e tesoureiro: Juliana da Silva,\u00a0comunica\u00e7\u00e3o: Lucas Bras\u00edlico e forma\u00e7\u00e3o pol\u00edtica: Victor Straub.<\/p>\n<p>De acordo com Nat\u00e1lia Moraes, presidenta (rec\u00e9m reeleita) da Juventude Socialista Carioca, todo o Congresso foi pensado desde o seu tema e local at\u00e9 a dire\u00e7\u00e3o; e para al\u00e9m do debate das minorias, discutiu-se o empoderamento da cidadania ao pensar a cidade de modo coletivo, buscando a melhor forma de conviv\u00eancia.<\/p>\n<p>\u201cProcuramos debater sobre o racismo deflagrado, o abuso policial, o machismo, o sucateamento do transporte p\u00fablico, privatiza\u00e7\u00f5es, o abandono dos hospitais, a LGBTfobia, os ataques ao carnaval e a cultura de rua, al\u00e9m de nepotismo, do arrocho aos servidores p\u00fablicos, do aumento de IPTU e das Igrejas usadas como palanque. Somos jovens do sub\u00farbio, da periferia, das favelas, do asfalto; que trabalham, estudam e batalham por dias melhores\u201d, disse a presidenta.<\/p>\n<!-- AddThis Advanced Settings generic via filter on the_content --><!-- AddThis Share Buttons generic via filter on the_content -->","protected":false},"excerpt":{"rendered":"<p>Aconteceu, no \u00faltimo domingo (29), na cidade do Rio de Janeiro, o XVII Congresso Municipal da Juventude Socialista. Jovens pedetistas de toda cidade e munic\u00edpios lim\u00edtrofes compareceram no Parque Madureira, o terceiro maior do Rio de Janeiro, no sub\u00farbio carioca, para discutir pol\u00edtica e eleger a nova dire\u00e7\u00e3o (2018-2020). No local, tamb\u00e9m ocorreram atra\u00e7\u00f5es culturais&#8230;<!-- AddThis Advanced Settings generic via filter on wp_trim_excerpt --><!-- AddThis Share Buttons generic via filter on wp_trim_excerpt --><\/p>\n","protected":false},"author":17,"featured_media":59419,"comment_status":"closed","ping_status":"closed","sticky":false,"template":"","format":"standard","meta":{"_monsterinsights_skip_tracking":false,"_monsterinsights_sitenote_active":false,"_monsterinsights_sitenote_note":"","_monsterinsights_sitenote_category":0,"_uf_show_specific_survey":0,"_uf_disable_surveys":false,"footnotes":""},"categories":[1390,1586,1397],"tags":[2862,408,426,2910,56,1137,2912,2911],"class_list":["post-59418","post","type-post","status-publish","format-standard","has-post-thumbnail","hentry","category-editorias","category-juventude-socialista","category-movimentos","tag-facebook","tag-flb-ap","tag-fundacao-leonel-brizola-alberto-pasqualini","tag-iptu","tag-lgbt","tag-lgbtfobia","tag-movimento-ao-ar-livre","tag-xvii-congresso-municipal-da-juventude-socialista"],"acf":[],"_links":{"self":[{"href":"https:\/\/pdt-rj.org.br\/index.php\/wp-json\/wp\/v2\/posts\/59418","targetHints":{"allow":["GET"]}}],"collection":[{"href":"https:\/\/pdt-rj.org.br\/index.php\/wp-json\/wp\/v2\/posts"}],"about":[{"href":"https:\/\/pdt-rj.org.br\/index.php\/wp-json\/wp\/v2\/types\/post"}],"author":[{"embeddable":true,"href":"https:\/\/pdt-rj.org.br\/index.php\/wp-json\/wp\/v2\/users\/17"}],"replies":[{"embeddable":true,"href":"https:\/\/pdt-rj.org.br\/index.php\/wp-json\/wp\/v2\/comments?post=59418"}],"version-history":[{"count":1,"href":"https:\/\/pdt-rj.org.br\/index.php\/wp-json\/wp\/v2\/posts\/59418\/revisions"}],"predecessor-version":[{"id":59420,"href":"https:\/\/pdt-rj.org.br\/index.php\/wp-json\/wp\/v2\/posts\/59418\/revisions\/59420"}],"wp:featuredmedia":[{"embeddable":true,"href":"https:\/\/pdt-rj.org.br\/index.php\/wp-json\/wp\/v2\/media\/59419"}],"wp:attachment":[{"href":"https:\/\/pdt-rj.org.br\/index.php\/wp-json\/wp\/v2\/media?parent=59418"}],"wp:term":[{"taxonomy":"category","embeddable":true,"href":"https:\/\/pdt-rj.org.br\/index.php\/wp-json\/wp\/v2\/categories?post=59418"},{"taxonomy":"post_tag","embeddable":true,"href":"https:\/\/pdt-rj.org.br\/index.php\/wp-json\/wp\/v2\/tags?post=59418"}],"curies":[{"name":"wp","href":"https:\/\/api.w.org\/{rel}","templated":true}]}}