{"id":59404,"date":"2018-04-28T20:00:10","date_gmt":"2018-04-28T23:00:10","guid":{"rendered":"http:\/\/pdt-rj.org.br\/?p=59404"},"modified":"2018-05-08T15:20:13","modified_gmt":"2018-05-08T18:20:13","slug":"i-congresso-nacional-do-pdt-diversidade-acontece-neste-sabado-5-em-guarulhos-sp","status":"publish","type":"post","link":"https:\/\/pdt-rj.org.br\/index.php\/i-congresso-nacional-do-pdt-diversidade-acontece-neste-sabado-5-em-guarulhos-sp\/","title":{"rendered":"I Congresso Nacional do PDT Diversidade acontece neste s\u00e1bado (5), em Guarulhos (SP)"},"content":{"rendered":"<p>O PDT Diversidade realiza, no dia 05 de maio, em Guarulhos (SP), o seu I Congresso Nacional, com o tema: Diversidade em A\u00e7\u00e3o \u2013 Por uma pol\u00edtica de Direitos Humanos inclusivos \u00e0 popula\u00e7\u00e3o de L\u00e9sbicas, Gays, Bissexuais, Travestis e Transexuais (LGBT).<\/p>\n<p>Nesta edi\u00e7\u00e3o, o Congresso contar\u00e1 com as presen\u00e7as de autoridades, dentre elas o presidenci\u00e1vel pedetista Ciro Gomes, delegados, observadores e militantes que participar\u00e3o de mesas tem\u00e1ticas que ter\u00e1 como objetivo suscitar o conceito de ideias e o debate a respeito dos avan\u00e7os e retrocessos de pol\u00edticas de acesso a direitos e a cidadania LGBT, al\u00e9m de apontar estat\u00edsticas sobre o aumento da viol\u00eancia, da intoler\u00e2ncia e da cultura do \u00f3dio no pa\u00eds.<\/p>\n<p>Em outro momento, os delegados tamb\u00e9m ter\u00e3o a responsabilidade de produzirem, por meio de grupos de trabalho, relat\u00f3rios que visem \u00e0 interlocu\u00e7\u00e3o e o desenvolvimento de propostas de pol\u00edticas p\u00fablicas nas \u00e1reas de Direitos Sociais, de Sa\u00fade, de Cultura, de Educa\u00e7\u00e3o, de Reformas Universit\u00e1ria, Trabalhista e Previdenci\u00e1ria aos LGBTs, principalmente estruturar di\u00e1logos de sustenta\u00e7\u00e3o dos Direitos Humanos e de um projeto popular de na\u00e7\u00e3o para a diversidade.<\/p>\n<p>Para a presidente nacional do PDT Diversidade, Amanda Anderson, este ser\u00e1 um momento importante para que os militantes do PDT Diversidade possam construir os direcionamentos para o Plano de Governo do Ciro \u00e0 presid\u00eancia da rep\u00fablica. \u201cO nosso primeiro Congresso Nacional vai nos possibilitar dialogar em torno das demandas que s\u00e3o latentes e devem nortear as propostas que ser\u00e3o elencadas ao projeto de na\u00e7\u00e3o do Ciro\u201d, destacou.<\/p>\n<p>J\u00e1 para o vice-presidente nacional do PDT Diversidade, Ramon Calixto, os militantes tamb\u00e9m devem trocar experi\u00eancias para o fortalecimento de suas a\u00e7\u00f5es junto \u00e0 base. \u201cOs nossos filiados ter\u00e3o a oportunidade de capacitarem em Direitos Humanos, mas principalmente ter\u00e3o um momento de interatividade sobre trabalhos e projetos que s\u00e3o desenvolvidos em seus respectivos Estados\u201d, enfatizou.<\/p>\n<p>No final do evento, os congressistas dever\u00e3o revisar o estatuto do movimento, estruturar\u00e3o o regimento para o II Congresso Nacional e eleger\u00e3o a nova Executiva Nacional do PDT Diversidade para o bi\u00eanio 2018\/2020.<\/p>\n<p>Servi\u00e7o:<\/p>\n<p><strong>I Congresso Nacional do PDT Diversidade <\/strong><\/p>\n<p><strong>Local:<\/strong> Sede do PDT de Guarulhos, S\u00e3o Paulo (Avenida Doutor Tim\u00f3teo Penteado, 103, Vila Hulda).<\/p>\n<p><strong>Hor\u00e1rio:<\/strong>\u00a0a partir de 9h.<\/p>\n<!-- AddThis Advanced Settings generic via filter on the_content --><!-- AddThis Share Buttons generic via filter on the_content -->","protected":false},"excerpt":{"rendered":"<p>O PDT Diversidade realiza, no dia 05 de maio, em Guarulhos (SP), o seu I Congresso Nacional, com o tema: Diversidade em A\u00e7\u00e3o \u2013 Por uma pol\u00edtica de Direitos Humanos inclusivos \u00e0 popula\u00e7\u00e3o de L\u00e9sbicas, Gays, Bissexuais, Travestis e Transexuais (LGBT). Nesta edi\u00e7\u00e3o, o Congresso contar\u00e1 com as presen\u00e7as de autoridades, dentre elas o presidenci\u00e1vel&#8230;<!-- AddThis Advanced Settings generic via filter on wp_trim_excerpt --><!-- AddThis Share Buttons generic via filter on wp_trim_excerpt --><\/p>\n","protected":false},"author":17,"featured_media":59405,"comment_status":"closed","ping_status":"closed","sticky":false,"template":"","format":"standard","meta":{"_monsterinsights_skip_tracking":false,"_monsterinsights_sitenote_active":false,"_monsterinsights_sitenote_note":"","_monsterinsights_sitenote_category":0,"_uf_show_specific_survey":0,"_uf_disable_surveys":false,"footnotes":""},"categories":[1390,1397,1912],"tags":[51,54,469,2905],"class_list":["post-59404","post","type-post","status-publish","format-standard","has-post-thumbnail","hentry","category-editorias","category-movimentos","category-diversidade","tag-amanda-anderson","tag-direitos-humanos","tag-i-congresso-nacional-do-pdt-diversidade","tag-pdt-diverisade"],"acf":[],"_links":{"self":[{"href":"https:\/\/pdt-rj.org.br\/index.php\/wp-json\/wp\/v2\/posts\/59404","targetHints":{"allow":["GET"]}}],"collection":[{"href":"https:\/\/pdt-rj.org.br\/index.php\/wp-json\/wp\/v2\/posts"}],"about":[{"href":"https:\/\/pdt-rj.org.br\/index.php\/wp-json\/wp\/v2\/types\/post"}],"author":[{"embeddable":true,"href":"https:\/\/pdt-rj.org.br\/index.php\/wp-json\/wp\/v2\/users\/17"}],"replies":[{"embeddable":true,"href":"https:\/\/pdt-rj.org.br\/index.php\/wp-json\/wp\/v2\/comments?post=59404"}],"version-history":[{"count":5,"href":"https:\/\/pdt-rj.org.br\/index.php\/wp-json\/wp\/v2\/posts\/59404\/revisions"}],"predecessor-version":[{"id":59454,"href":"https:\/\/pdt-rj.org.br\/index.php\/wp-json\/wp\/v2\/posts\/59404\/revisions\/59454"}],"wp:featuredmedia":[{"embeddable":true,"href":"https:\/\/pdt-rj.org.br\/index.php\/wp-json\/wp\/v2\/media\/59405"}],"wp:attachment":[{"href":"https:\/\/pdt-rj.org.br\/index.php\/wp-json\/wp\/v2\/media?parent=59404"}],"wp:term":[{"taxonomy":"category","embeddable":true,"href":"https:\/\/pdt-rj.org.br\/index.php\/wp-json\/wp\/v2\/categories?post=59404"},{"taxonomy":"post_tag","embeddable":true,"href":"https:\/\/pdt-rj.org.br\/index.php\/wp-json\/wp\/v2\/tags?post=59404"}],"curies":[{"name":"wp","href":"https:\/\/api.w.org\/{rel}","templated":true}]}}