{"id":59391,"date":"2018-04-25T18:09:08","date_gmt":"2018-04-25T21:09:08","guid":{"rendered":"http:\/\/pdt-rj.org.br\/?p=59391"},"modified":"2018-05-04T18:48:27","modified_gmt":"2018-05-04T21:48:27","slug":"projeto-do-pdt-susta-decreto-que-incluiu-eletrobras-em-programa-de-privatizacao","status":"publish","type":"post","link":"https:\/\/pdt-rj.org.br\/index.php\/projeto-do-pdt-susta-decreto-que-incluiu-eletrobras-em-programa-de-privatizacao\/","title":{"rendered":"Projeto susta decreto que incluiu Eletrobras em programa de privatiza\u00e7\u00e3o"},"content":{"rendered":"<p>Os deputados pedetistas Le\u00f4nidas Cristino (CE) e Pompeo de Mattos (RS) apresentaram, nesta ter\u00e7a-feira (24), junto a outros parlamentares, o Projeto de Decreto Legislativo (PDC 918\/18) que susta o decreto que inclui a Eletrobras no Programa Nacional de Desestatiza\u00e7\u00e3o (PND).<\/p>\n<p>Entre outros argumentos, os deputados alegam que o governo n\u00e3o pode privatizar a estatal porque a lei de cria\u00e7\u00e3o da Eletrobras (Lei 3.890-A\/61) estabelece, em um dos artigos, que a Uni\u00e3o deve participar das emiss\u00f5es de a\u00e7\u00f5es ordin\u00e1rias, de modo a manter o m\u00ednimo de 51% do capital votante.<\/p>\n<p>O processo de privatiza\u00e7\u00e3o proposto pelo governo prev\u00ea o aumento de capital da estatal, por meio de subscri\u00e7\u00e3o de novas a\u00e7\u00f5es, de modo que a participa\u00e7\u00e3o da Uni\u00e3o seja dilu\u00edda para abaixo dos 50%.<\/p>\n<p>Para os deputados, ainda que o projeto de desestatiza\u00e7\u00e3o preveja a revoga\u00e7\u00e3o do dispositivo da Lei 3.890-A\/61, o governo n\u00e3o pode editar \u201cum decreto que determina medidas privatizantes\u201d antes a aprova\u00e7\u00e3o definitiva do PL 9463\/18, que desestatiza a estatal. Eles afirmam ainda que condicionar a inclus\u00e3o da Eletrobras no PND \u00e0 pr\u00e9via aprova\u00e7\u00e3o do projeto em debate na C\u00e2mara \u201ccoloca no mundo jur\u00eddico norma aparentemente sem validade\u201d.<\/p>\n<p>Por fim, os deputados dizem que o decreto presidencial imp\u00f5e ao Legislativo \u201ca agenda e o tempo\u201d do Executivo, violando o princ\u00edpio constitucional da separa\u00e7\u00e3o dos Poderes.<\/p>\n<p>O PDC 918\/18 ser\u00e1 analisado inicialmente em comiss\u00f5es da Casa. Depois segue para vota\u00e7\u00e3o no Plen\u00e1rio.<\/p>\n<!-- AddThis Advanced Settings generic via filter on the_content --><!-- AddThis Share Buttons generic via filter on the_content -->","protected":false},"excerpt":{"rendered":"<p>Os deputados pedetistas Le\u00f4nidas Cristino (CE) e Pompeo de Mattos (RS) apresentaram, nesta ter\u00e7a-feira (24), junto a outros parlamentares, o Projeto de Decreto Legislativo (PDC 918\/18) que susta o decreto que inclui a Eletrobras no Programa Nacional de Desestatiza\u00e7\u00e3o (PND). Entre outros argumentos, os deputados alegam que o governo n\u00e3o pode privatizar a estatal porque&#8230;<!-- AddThis Advanced Settings generic via filter on wp_trim_excerpt --><!-- AddThis Share Buttons generic via filter on wp_trim_excerpt --><\/p>\n","protected":false},"author":17,"featured_media":59392,"comment_status":"closed","ping_status":"closed","sticky":false,"template":"","format":"standard","meta":{"_monsterinsights_skip_tracking":false,"_monsterinsights_sitenote_active":false,"_monsterinsights_sitenote_note":"","_monsterinsights_sitenote_category":0,"_uf_show_specific_survey":0,"_uf_disable_surveys":false,"footnotes":""},"categories":[1390],"tags":[1747,566,746],"class_list":["post-59391","post","type-post","status-publish","format-standard","has-post-thumbnail","hentry","category-editorias","tag-eletrobras","tag-leonidas-cristino","tag-pompeo-de-mattos"],"acf":[],"_links":{"self":[{"href":"https:\/\/pdt-rj.org.br\/index.php\/wp-json\/wp\/v2\/posts\/59391","targetHints":{"allow":["GET"]}}],"collection":[{"href":"https:\/\/pdt-rj.org.br\/index.php\/wp-json\/wp\/v2\/posts"}],"about":[{"href":"https:\/\/pdt-rj.org.br\/index.php\/wp-json\/wp\/v2\/types\/post"}],"author":[{"embeddable":true,"href":"https:\/\/pdt-rj.org.br\/index.php\/wp-json\/wp\/v2\/users\/17"}],"replies":[{"embeddable":true,"href":"https:\/\/pdt-rj.org.br\/index.php\/wp-json\/wp\/v2\/comments?post=59391"}],"version-history":[{"count":5,"href":"https:\/\/pdt-rj.org.br\/index.php\/wp-json\/wp\/v2\/posts\/59391\/revisions"}],"predecessor-version":[{"id":59430,"href":"https:\/\/pdt-rj.org.br\/index.php\/wp-json\/wp\/v2\/posts\/59391\/revisions\/59430"}],"wp:featuredmedia":[{"embeddable":true,"href":"https:\/\/pdt-rj.org.br\/index.php\/wp-json\/wp\/v2\/media\/59392"}],"wp:attachment":[{"href":"https:\/\/pdt-rj.org.br\/index.php\/wp-json\/wp\/v2\/media?parent=59391"}],"wp:term":[{"taxonomy":"category","embeddable":true,"href":"https:\/\/pdt-rj.org.br\/index.php\/wp-json\/wp\/v2\/categories?post=59391"},{"taxonomy":"post_tag","embeddable":true,"href":"https:\/\/pdt-rj.org.br\/index.php\/wp-json\/wp\/v2\/tags?post=59391"}],"curies":[{"name":"wp","href":"https:\/\/api.w.org\/{rel}","templated":true}]}}