{"id":59328,"date":"2018-04-20T18:02:08","date_gmt":"2018-04-20T21:02:08","guid":{"rendered":"http:\/\/pdt-rj.org.br\/?p=59328"},"modified":"2018-05-01T04:52:29","modified_gmt":"2018-05-01T07:52:29","slug":"21-de-abri-tiradentes-vive","status":"publish","type":"post","link":"https:\/\/pdt-rj.org.br\/index.php\/21-de-abri-tiradentes-vive\/","title":{"rendered":"21 de abri \u2013 Tiradentes Vive!"},"content":{"rendered":"<p>Independ\u00eancia, a proposta da Inconfid\u00eancia Mineira, pela qual nosso her\u00f3i deu a vida, decorridos 230 anos, ainda n\u00e3o foi conquistada.<\/p>\n<p>De Brasil col\u00f4nia, explorado e espoliado pelo Reino Portugu\u00eas durante s\u00e9culos, continuamos sendo v\u00edtimas do capital alien\u00edgena, atrav\u00e9s dos seus tent\u00e1culos: as multis, as transacionais, os grupos econ\u00f4micos e os grandes bancos, denunciado por Get\u00falio Vargas na Carta Testamento: \u201cDepois de dec\u00eanios de dom\u00ednio e espolia\u00e7\u00e3o dos grupos econ\u00f4micos e financeiros internacionais, fiz me chefe de uma revolu\u00e7\u00e3o e venci. Iniciei o trabalho de liberta\u00e7\u00e3o e instaurei o regime de liberdade social. Tive de renunciar. N\u00e3o querem que o trabalhador seja livre. N\u00e3o querem que o povo seja independente. Lutei contra a espolia\u00e7\u00e3o do Brasil. Lutei contra a espolia\u00e7\u00e3o do povo\u201d.<\/p>\n<p>A Vila Rica de ontem, \u00e9 o Brasil pobre de hoje. A derrama de ontem era 1\/5 do ouro produzido, a derrama de hoje \u00e9 36,8% do PIB, isto \u00e9, mais de 1\/3 de impostos cobrado do povo espoliado.<\/p>\n<p>Acrescente-se \u00e0 nova derrama, a monstruosa d\u00edvida p\u00fablica estimada em 3,6 trilh\u00f5es de reais, correspondente a 80% do PIB e que dever\u00e1 consumir em t\u00f4rno de 48% do or\u00e7amento da Uni\u00e3o, para o pagamento dos juros, amortiza\u00e7\u00e3o e servi\u00e7o da d\u00edvida.<\/p>\n<p>TIRADENTES VIVE! HAJA TIRADENTES!<\/p>\n<p>Considerando que nos encontramos em v\u00e9spera de elei\u00e7\u00f5es para Presidente da Rep\u00fablica, com exce\u00e7\u00e3o do pr\u00e9-candidato Ciro Gomes, nenhum outro demonstrou sua preocupa\u00e7\u00e3o com essa nova derrama a ser paga por todos brasileiros.<\/p>\n<p>Em passado recente (1964), o Presidente Jo\u00e3o Goulart prop\u00f4s as Reformas de Base: agraria, bancaria, tribut\u00e1ria, al\u00e9m da regulamenta\u00e7\u00e3o da remessa dos lucros das empresas estrangeiras, como uma forma de estagnar a espolia\u00e7\u00e3o capitalista. Pagou caro. Custou o enforcamento do cargo, atrav\u00e9s do afastamento da Presid\u00eancia.<\/p>\n<p>Al\u00e9m de Get\u00falio e Jango, Brizola tamb\u00e9m sofreu pela sua conduta nacionalista. Foi condenado a mais de 15 anos de exilio, pela sua posi\u00e7\u00e3o contra o neoliberalismo, assim definido por ele: \u201cpara a teoria neoliberal, o Brasil \u00e9 uma esp\u00e9cie de reserva de mercado de outros pa\u00edses e por isso somos colocados num contexto de servid\u00e3o.<\/p>\n<p>O neoliberalismo est\u00e1 tirando as garantias do povo brasileiro, aos poucos, est\u00e3o entregando os seus direitos pol\u00edticos \u00e0s empresas. \u00c9 novamente a lei da selva. Est\u00e3o passando por cima de tudo, das ideias de desenvolvimento, de soberania e de justi\u00e7a social. Parece que temos de pedir desculpas aos interesses estrangeiros pelo que conseguimos construir. N\u00e3o passa de colonialismo, n\u00f3s vamos nos tornando dependentes de especula\u00e7\u00e3o internacional, que vai lesando nossas \u00e1reas econ\u00f4micas mais saud\u00e1veis.\u201d<\/p>\n<p>Torna-se imperioso voltar a entoar nas escolas o Hino da Independ\u00eancia: \u201c Brava gente brasileira! Longe v\u00e1&#8230; temor servil: Ou ficar a p\u00e1tria livre, Ou morrer pelo Brasil\u201d.<\/p>\n<p>&nbsp;<\/p>\n<p><strong><em>*Hari Alexandre Brust \u00e9 membro da Executiva Estadual do PDT da Bahia<\/em><\/strong><\/p>\n<!-- AddThis Advanced Settings generic via filter on the_content --><!-- AddThis Share Buttons generic via filter on the_content -->","protected":false},"excerpt":{"rendered":"<p>Independ\u00eancia, a proposta da Inconfid\u00eancia Mineira, pela qual nosso her\u00f3i deu a vida, decorridos 230 anos, ainda n\u00e3o foi conquistada. De Brasil col\u00f4nia, explorado e espoliado pelo Reino Portugu\u00eas durante s\u00e9culos, continuamos sendo v\u00edtimas do capital alien\u00edgena, atrav\u00e9s dos seus tent\u00e1culos: as multis, as transacionais, os grupos econ\u00f4micos e os grandes bancos, denunciado por Get\u00falio&#8230;<!-- AddThis Advanced Settings generic via filter on wp_trim_excerpt --><!-- AddThis Share Buttons generic via filter on wp_trim_excerpt --><\/p>\n","protected":false},"author":17,"featured_media":59330,"comment_status":"closed","ping_status":"closed","sticky":false,"template":"","format":"standard","meta":{"_monsterinsights_skip_tracking":false,"_monsterinsights_sitenote_active":false,"_monsterinsights_sitenote_note":"","_monsterinsights_sitenote_category":0,"_uf_show_specific_survey":0,"_uf_disable_surveys":false,"footnotes":""},"categories":[1584,1390,1401],"tags":[1855,2894],"class_list":["post-59328","post","type-post","status-publish","format-standard","has-post-thumbnail","hentry","category-artigos","category-editorias","category-nacional","tag-hari-alexandre-brust","tag-tiradentes"],"acf":[],"_links":{"self":[{"href":"https:\/\/pdt-rj.org.br\/index.php\/wp-json\/wp\/v2\/posts\/59328","targetHints":{"allow":["GET"]}}],"collection":[{"href":"https:\/\/pdt-rj.org.br\/index.php\/wp-json\/wp\/v2\/posts"}],"about":[{"href":"https:\/\/pdt-rj.org.br\/index.php\/wp-json\/wp\/v2\/types\/post"}],"author":[{"embeddable":true,"href":"https:\/\/pdt-rj.org.br\/index.php\/wp-json\/wp\/v2\/users\/17"}],"replies":[{"embeddable":true,"href":"https:\/\/pdt-rj.org.br\/index.php\/wp-json\/wp\/v2\/comments?post=59328"}],"version-history":[{"count":3,"href":"https:\/\/pdt-rj.org.br\/index.php\/wp-json\/wp\/v2\/posts\/59328\/revisions"}],"predecessor-version":[{"id":59417,"href":"https:\/\/pdt-rj.org.br\/index.php\/wp-json\/wp\/v2\/posts\/59328\/revisions\/59417"}],"wp:featuredmedia":[{"embeddable":true,"href":"https:\/\/pdt-rj.org.br\/index.php\/wp-json\/wp\/v2\/media\/59330"}],"wp:attachment":[{"href":"https:\/\/pdt-rj.org.br\/index.php\/wp-json\/wp\/v2\/media?parent=59328"}],"wp:term":[{"taxonomy":"category","embeddable":true,"href":"https:\/\/pdt-rj.org.br\/index.php\/wp-json\/wp\/v2\/categories?post=59328"},{"taxonomy":"post_tag","embeddable":true,"href":"https:\/\/pdt-rj.org.br\/index.php\/wp-json\/wp\/v2\/tags?post=59328"}],"curies":[{"name":"wp","href":"https:\/\/api.w.org\/{rel}","templated":true}]}}