{"id":59324,"date":"2018-04-20T17:03:49","date_gmt":"2018-04-20T20:03:49","guid":{"rendered":"http:\/\/pdt-rj.org.br\/?p=59324"},"modified":"2018-04-20T18:50:54","modified_gmt":"2018-04-20T21:50:54","slug":"trabalhismo-em-dialogo-debate-ai-5-50-anos-da-tragedia","status":"publish","type":"post","link":"https:\/\/pdt-rj.org.br\/index.php\/trabalhismo-em-dialogo-debate-ai-5-50-anos-da-tragedia\/","title":{"rendered":"Trabalhismo em Di\u00e1logo debate \u201cAI-5: 50 Anos da Trag\u00e9dia\u201d"},"content":{"rendered":"<p>Nessa quinta-feira (19), a Funda\u00e7\u00e3o Leonel Brizola &#8211; Alberto Pasqualini (FLB-AP) do Rio de Janeiro promoveu um debate sobre os 50 anos do Ato Institucional n\u00famero 5 (AI5). Realizado no Diret\u00f3rio Estadual do partido, o evento apresentou a palestra \u201cAI 5 \u2013 50 Anos da Trag\u00e9dia\u201d, ministrada pelo historiador Wendel Pinheiro.<\/p>\n<p>Wendel tra\u00e7ou um paralelo entre os atos de exce\u00e7\u00e3o promovidos pela ditadura civil-militar e o grave momento pol\u00edtico pelo qual atravessa o Pa\u00eds, agora com matriz judici\u00e1ria. Ao falar sobre as consequ\u00eancias deste ato, o quinto e o mais restritivo, o pedetista foi enf\u00e1tico.<\/p>\n<p>\u201cO AI-5 \u00e9, sem d\u00favidas, o \u00e1pice da Doutrina de Seguran\u00e7a Nacional em a\u00e7\u00e3o, cerceando os Direitos Humanos do povo brasileiro; e criminalizando todos os democratas e quadros progressistas do pa\u00eds\u201d.<\/p>\n<p>Em suas conclus\u00f5es, Wendel Pinheiro lembrou que a atividade de hoje, com a an\u00e1lise hist\u00f3rica do AI-5, \u00e9 muito importante, porque muitos elementos dele est\u00e3o presentes no p\u00f3s-golpe de 2016, ainda que sob o pretexto de seguran\u00e7a p\u00fablica.<\/p>\n<p>\u201cO desafio da esquerda est\u00e1 na constru\u00e7\u00e3o da sua unidade e na capacidade de dialogar com as massas para superar os atuais entraves; assim como a esquerda se uniu para defender a redemocratiza\u00e7\u00e3o do pa\u00eds e denunciar as torturas e pr\u00e1ticas autorit\u00e1rias legitimadas pela pr\u00e1tica do AI-5\u201d.<\/p>\n<p>O vice-presidente Regional da FLB-AP, Everton Gomes, que dirigiu a mesa, ressaltou a import\u00e2ncia de se discutir historicamente este epis\u00f3dio \u201ctr\u00e1gico e marcante na hist\u00f3ria brasileira\u201d.<\/p>\n<p>\u201c\u00c9 nosso dever, dirigentes e militantes pol\u00edticos, rememorar este e outros fatos para garantir que agora e no futuro n\u00e3o voltem a ocorrer situa\u00e7\u00f5es an\u00e1logas. O Brasil passa por um momento de recrudescimento das tentativas, c\u00edclicas na Am\u00e9rica Latina, de estreitamento da institui\u00e7\u00f5es democr\u00e1ticas; e \u00e9 fundamental reafirmamos \u2013 o tempo todo \u2013 a democracia. E, para isto, \u00e9 necess\u00e1rio conhecer a hist\u00f3ria dos atos de autoritarismo que vitimaram a nossa gente\u201d.<\/p>\n<p>Inciativa da FLB-AP do Rio, o \u201cTrabalhismo em Di\u00e1logo\u201d tem como meta discutir temas pertinentes, criando um ambiente de car\u00e1ter progressista na sociedade. No pr\u00f3ximo dia 7 de maio, no mesmo local, vai ser debatido o tema Maio de 68 e suas influ\u00eancias na juventude.<\/p>\n<!-- AddThis Advanced Settings generic via filter on the_content --><!-- AddThis Share Buttons generic via filter on the_content -->","protected":false},"excerpt":{"rendered":"<p>Nessa quinta-feira (19), a Funda\u00e7\u00e3o Leonel Brizola &#8211; Alberto Pasqualini (FLB-AP) do Rio de Janeiro promoveu um debate sobre os 50 anos do Ato Institucional n\u00famero 5 (AI5). Realizado no Diret\u00f3rio Estadual do partido, o evento apresentou a palestra \u201cAI 5 \u2013 50 Anos da Trag\u00e9dia\u201d, ministrada pelo historiador Wendel Pinheiro. Wendel tra\u00e7ou um paralelo&#8230;<!-- AddThis Advanced Settings generic via filter on wp_trim_excerpt --><!-- AddThis Share Buttons generic via filter on wp_trim_excerpt --><\/p>\n","protected":false},"author":17,"featured_media":59325,"comment_status":"closed","ping_status":"closed","sticky":false,"template":"","format":"standard","meta":{"_monsterinsights_skip_tracking":false,"_monsterinsights_sitenote_active":false,"_monsterinsights_sitenote_note":"","_monsterinsights_sitenote_category":0,"_uf_show_specific_survey":0,"_uf_disable_surveys":false,"footnotes":""},"categories":[1390],"tags":[2892,2893,2626],"class_list":["post-59324","post","type-post","status-publish","format-standard","has-post-thumbnail","hentry","category-editorias","tag-ai-5-50-anos-da-tragedia","tag-ai-5","tag-trabalhismo-em-dialogo"],"acf":[],"_links":{"self":[{"href":"https:\/\/pdt-rj.org.br\/index.php\/wp-json\/wp\/v2\/posts\/59324","targetHints":{"allow":["GET"]}}],"collection":[{"href":"https:\/\/pdt-rj.org.br\/index.php\/wp-json\/wp\/v2\/posts"}],"about":[{"href":"https:\/\/pdt-rj.org.br\/index.php\/wp-json\/wp\/v2\/types\/post"}],"author":[{"embeddable":true,"href":"https:\/\/pdt-rj.org.br\/index.php\/wp-json\/wp\/v2\/users\/17"}],"replies":[{"embeddable":true,"href":"https:\/\/pdt-rj.org.br\/index.php\/wp-json\/wp\/v2\/comments?post=59324"}],"version-history":[{"count":5,"href":"https:\/\/pdt-rj.org.br\/index.php\/wp-json\/wp\/v2\/posts\/59324\/revisions"}],"predecessor-version":[{"id":59337,"href":"https:\/\/pdt-rj.org.br\/index.php\/wp-json\/wp\/v2\/posts\/59324\/revisions\/59337"}],"wp:featuredmedia":[{"embeddable":true,"href":"https:\/\/pdt-rj.org.br\/index.php\/wp-json\/wp\/v2\/media\/59325"}],"wp:attachment":[{"href":"https:\/\/pdt-rj.org.br\/index.php\/wp-json\/wp\/v2\/media?parent=59324"}],"wp:term":[{"taxonomy":"category","embeddable":true,"href":"https:\/\/pdt-rj.org.br\/index.php\/wp-json\/wp\/v2\/categories?post=59324"},{"taxonomy":"post_tag","embeddable":true,"href":"https:\/\/pdt-rj.org.br\/index.php\/wp-json\/wp\/v2\/tags?post=59324"}],"curies":[{"name":"wp","href":"https:\/\/api.w.org\/{rel}","templated":true}]}}