{"id":59310,"date":"2018-04-19T14:23:10","date_gmt":"2018-04-19T17:23:10","guid":{"rendered":"http:\/\/pdt-rj.org.br\/?p=59310"},"modified":"2018-04-30T01:05:35","modified_gmt":"2018-04-30T04:05:35","slug":"ciro-gomes-e-carlos-lupi-comemoram-dia-do-indio-em-aldeia-xavante","status":"publish","type":"post","link":"https:\/\/pdt-rj.org.br\/index.php\/ciro-gomes-e-carlos-lupi-comemoram-dia-do-indio-em-aldeia-xavante\/","title":{"rendered":"Ciro Gomes e Carlos Lupi comemoram o Dia do \u00cdndio em aldeia Xavante"},"content":{"rendered":"<p>O pr\u00e9-candidato \u00e0 Presid\u00eancia da Rep\u00fablica pelo PDT, Ciro Gomes, e o presidente nacional do partido, Carlos Lupi, visitam hoje (19), Dia Nacional do \u00cdndio,\u00a0as aldeias Guadalupe e S\u00e3o Marcos, em Mato Grosso. A comitiva pedetista na terra do Xavante M\u00e1rio Juruna \u2013 primeiro e \u00fanico deputado federal ind\u00edgena do Pa\u00eds pelo PDT \u2013, tamb\u00e9m conta com a presen\u00e7a de Rafael Weree, neto de Juruna e presidente do Movimento Ind\u00edgena da legenda.<\/p>\n<p>Pela manh\u00e3, ao desembarcar no aeroporto de Aragar\u00e7as (GO), Ciro falou com jornalistas. Disse que passaria o dia na comunidade Xavante para discutir e aprender com os \u00edndios. Ciro tamb\u00e9m respondeu sobre elei\u00e7\u00f5es e disse que \u00e9 preciso ter disciplina para produzir a solu\u00e7\u00e3o que o Brasil precisa e, nesse contexto, afirmou que est\u00e1 dedicado para isso.<\/p>\n<p>\u201cO eleitorado brasileiro quer mudan\u00e7a e a mudan\u00e7a que ele procura parece ter compromisso com interesses populares, que est\u00e3o sendo perseguidos hoje por essa turma que o Michel Temer representa. \u00c9 a turma que se juntou para fazer o golpe contra a presidente Dilma Rousseff\u201d, disse. \u201cMinha responsabilidade cresce muito e estou sentindo nos meus ombros\u201d, reiterou.<\/p>\n<p>Questionado novamente sobre o resultado da \u00faltima pesquisa Datafolha, onde alcan\u00e7a 9% em todos os cen\u00e1rios em que Lula n\u00e3o \u00e9 candidato, refor\u00e7ou que a pesquisa \u00e9 o \u201cretrato de um momento\u201d e que \u00e9 preciso ter paci\u00eancia.<\/p>\n<p>\u201cPara quem j\u00e1 acumulou a experi\u00eancia que eu acumulei, sabe que pesquisa nesse momento \u00e9 muito mais a visibilidade, notoriedade e n\u00edvel de publicidade, que \u00e9 desigual. A campanha coloca tudo isso como igual e a popula\u00e7\u00e3o, quando acompanhar os debates, saber\u00e1 de onde o candidato veio, se ele tem a ficha limpa. Dessa vez, vai ter uma relev\u00e2ncia muito grande e eu quero crer que a chance de servir a esse Pa\u00eds como presidente est\u00e1 aumentando\u201d.<\/p>\n<p>Ciro tamb\u00e9m respondeu a perguntas de car\u00e1ter econ\u00f4mico, como o agroneg\u00f3cio do Mato Grosso.\u00a0 Disse que o segmento &#8211; especialmente o Centro-Oeste &#8211; carrega o Brasil \u201cnas costas\u201d, com pessoas que acordam cedo e trabalham muito.<\/p>\n<p>\u201cLogo mais, as pessoas v\u00e3o saber como se produz uma economia eficaz, como se administra a taxa de c\u00e2mbio, como o agroneg\u00f3cio pode ter competitividade no estrangeiro, como se administra uma pol\u00edtica exterior de com\u00e9rcio, como se equaciona a infraestrutura para dar maior competitividade e como a gente nacionaliza a base industrial que \u00e9 necess\u00e1ria para a agricultura funcionar\u201d, pontuou.<\/p>\n<p><strong>L\u00edder Xavante<\/strong><\/p>\n<p>M\u00e1rio Juruna foi um l\u00edder ind\u00edgena e pol\u00edtico brasileiro. Filiado ao Partido Democr\u00e1tico Trabalhista (PDT), foi o primeiro e \u00fanico deputado federal ind\u00edgena do Brasil. Juruna nasceu na Aldeia Xavante Namunkur\u00e1, no munic\u00edpio de Barra do Gar\u00e7as, em Mato Grosso.<\/p>\n<p>Foi eleito deputado federal pelo PDT em 1982, representando o estado do Rio de Janeiro. Sua elei\u00e7\u00e3o teve uma grande repercuss\u00e3o por ser o primeiro \u00edndio a se eleger deputado federal no pa\u00eds.<\/p>\n<p>M\u00e1rio Juruna morreu na noite de 17 de julho de 2002, em decorr\u00eancia de uma diabetes.<\/p>\n<!-- AddThis Advanced Settings generic via filter on the_content --><!-- AddThis Share Buttons generic via filter on the_content -->","protected":false},"excerpt":{"rendered":"<p>O pr\u00e9-candidato \u00e0 Presid\u00eancia da Rep\u00fablica pelo PDT, Ciro Gomes, e o presidente nacional do partido, Carlos Lupi, visitam hoje (19), Dia Nacional do \u00cdndio,\u00a0as aldeias Guadalupe e S\u00e3o Marcos, em Mato Grosso. A comitiva pedetista na terra do Xavante M\u00e1rio Juruna \u2013 primeiro e \u00fanico deputado federal ind\u00edgena do Pa\u00eds pelo PDT \u2013, tamb\u00e9m&#8230;<!-- AddThis Advanced Settings generic via filter on wp_trim_excerpt --><!-- AddThis Share Buttons generic via filter on wp_trim_excerpt --><\/p>\n","protected":false},"author":17,"featured_media":59311,"comment_status":"closed","ping_status":"closed","sticky":false,"template":"","format":"standard","meta":{"_monsterinsights_skip_tracking":false,"_monsterinsights_sitenote_active":false,"_monsterinsights_sitenote_note":"","_monsterinsights_sitenote_category":0,"_uf_show_specific_survey":0,"_uf_disable_surveys":false,"footnotes":""},"categories":[1390,2257,1397,1401],"tags":[196,220,301,1533,2540,38],"class_list":["post-59310","post","type-post","status-publish","format-standard","has-post-thumbnail","hentry","category-editorias","category-indigena","category-movimentos","category-nacional","tag-carlos-lupi","tag-ciro-gomes","tag-dia-do-indio","tag-mario-juruna","tag-movimento-indigena","tag-pdt"],"acf":[],"_links":{"self":[{"href":"https:\/\/pdt-rj.org.br\/index.php\/wp-json\/wp\/v2\/posts\/59310","targetHints":{"allow":["GET"]}}],"collection":[{"href":"https:\/\/pdt-rj.org.br\/index.php\/wp-json\/wp\/v2\/posts"}],"about":[{"href":"https:\/\/pdt-rj.org.br\/index.php\/wp-json\/wp\/v2\/types\/post"}],"author":[{"embeddable":true,"href":"https:\/\/pdt-rj.org.br\/index.php\/wp-json\/wp\/v2\/users\/17"}],"replies":[{"embeddable":true,"href":"https:\/\/pdt-rj.org.br\/index.php\/wp-json\/wp\/v2\/comments?post=59310"}],"version-history":[{"count":10,"href":"https:\/\/pdt-rj.org.br\/index.php\/wp-json\/wp\/v2\/posts\/59310\/revisions"}],"predecessor-version":[{"id":59411,"href":"https:\/\/pdt-rj.org.br\/index.php\/wp-json\/wp\/v2\/posts\/59310\/revisions\/59411"}],"wp:featuredmedia":[{"embeddable":true,"href":"https:\/\/pdt-rj.org.br\/index.php\/wp-json\/wp\/v2\/media\/59311"}],"wp:attachment":[{"href":"https:\/\/pdt-rj.org.br\/index.php\/wp-json\/wp\/v2\/media?parent=59310"}],"wp:term":[{"taxonomy":"category","embeddable":true,"href":"https:\/\/pdt-rj.org.br\/index.php\/wp-json\/wp\/v2\/categories?post=59310"},{"taxonomy":"post_tag","embeddable":true,"href":"https:\/\/pdt-rj.org.br\/index.php\/wp-json\/wp\/v2\/tags?post=59310"}],"curies":[{"name":"wp","href":"https:\/\/api.w.org\/{rel}","templated":true}]}}