{"id":59295,"date":"2018-04-18T15:34:04","date_gmt":"2018-04-18T18:34:04","guid":{"rendered":"http:\/\/pdt-rj.org.br\/?p=59295"},"modified":"2018-04-30T00:49:52","modified_gmt":"2018-04-30T03:49:52","slug":"lupi-defende-uniao-entre-frentes-progressistas-no-congresso-nacional","status":"publish","type":"post","link":"https:\/\/pdt-rj.org.br\/index.php\/lupi-defende-uniao-entre-frentes-progressistas-no-congresso-nacional\/","title":{"rendered":"Lupi defende uni\u00e3o entre frentes progressistas no Congresso Nacional"},"content":{"rendered":"<p>O presidente nacional do PDT, Carlos Lupi, afirmou, nesta quarta (18), durante o lan\u00e7amento de um manifesto pela democracia, assinado por sete partidos progressistas, que o que acontece atualmente no Brasil \u00e9 uma repeti\u00e7\u00e3o da conturbada d\u00e9cada de 60 \u2013 quando ap\u00f3s sucessivas tentativas, os militares institu\u00edram a ditadura militar no Pa\u00eds e empurraram a na\u00e7\u00e3o em um abismo autorit\u00e1rio que perdurou por mais de 20 anos. Lupi tamb\u00e9m pregou uni\u00e3o do campo progressista em torno da defesa intransigente da democracia brasileira.<\/p>\n<p>Lupi discursou no Sal\u00e3o Nobre da C\u00e2mara dos Deputados, ao lado dos presidentes do PT, PSB, PSOL, PCdoB, PCB e PCO, durante o lan\u00e7amento do \u201cManifesto Pela Democracia, Soberania Nacional e Diretos do Povo Brasileiro\u201d. O documento <a href=\"http:\/\/pdt-rj.org.br\/index.php\/manifesto-pela-democracia-soberania-nacional-e-direitos-do-povo-brasileiro\/\">(\u00edntegra)<\/a> mistura den\u00fancias de retiradas de diretos dos brasileiros com a defesa das institui\u00e7\u00f5es democr\u00e1ticas, baseado em tr\u00eas eixos fundamentais: defesa intransigente das liberdades democr\u00e1ticas, dos diretos pol\u00edticos e de elei\u00e7\u00f5es livres.<\/p>\n<p>Lupi iniciou seu discurso relembrando a Campanha da Legalidade liderada por Brizola em 1961, quando, governador do Rio Grande do Sul, garantiu a posse de Jango na presid\u00eancia da Rep\u00fablica depois da ren\u00fancia de J\u00e2nio Quadros, atrav\u00e9s de um grande levante popular iniciado nos por\u00f5es do Piratini, sede do governo estadual.<\/p>\n<p>\u201cEm 1961, Brizola tocou o cora\u00e7\u00e3o dos brasileiros que optaram pela ordem democr\u00e1tica e, via r\u00e1dio, dos por\u00f5es do Piratini, liderou o movimento que ganhou adeptos em todo o pa\u00eds e garantiu a posse de Jango, retardando o golpe militar em tr\u00eas anos\u201d, relembrou.<\/p>\n<p>Lupi tamb\u00e9m pregou uni\u00e3o entre as for\u00e7as progressistas neste momento, classificado por ele como o \u201cmais delicado desde a reabertura pol\u00edtica em 1985\u201d.<\/p>\n<p>\u201cTemos que nos unir em torno do que nos fortalece neste momento. Temos que entender que o enfraquecimento da democracia nos atingiu e nos fragilizou, atrav\u00e9s de um tribunal de exce\u00e7\u00e3o que exerce um perigoso poder atrav\u00e9s do Judici\u00e1rio, suas decis\u00f5es e seus homens que se colocam acima da Constitui\u00e7\u00e3o brasileira\u201d, alertou Lupi.<\/p>\n<p>Lupi tamb\u00e9m criticou duramente o que classificou como \u201cnoveliza\u00e7\u00e3o de seten\u00e7a\u201d, dando como exemplo o recente processo que levou o ex-presidente Lula \u00e0 condena\u00e7\u00e3o.<\/p>\n<p>\u201cSenten\u00e7a nos tribunais brasileiros, e principalmente da nossa suprema corte, virou um cap\u00edtulo de novela, transmitido ao vivo para todo o Brasil e mostrando para quem quiser ver que a justi\u00e7a enxerga, tem vontade e pune \u00e0queles que v\u00e3o contra seus interesses. A pris\u00e3o de Lula comprovou isso pela rapidez e total atropelamento do processo jur\u00eddico. Prenderam Lula n\u00e3o pelos seus erros, mas pelos seus acertos, por olhar para o pobre, promover o movimento contra a desigualdade social e por defender os menos favorecidos\u201d, afirmou Lupi.<\/p>\n<p>Lupi terminou sua fala lembrando que a pr\u00f3pria hist\u00f3ria ser\u00e1 respons\u00e1vel por delatar \u00e0queles que hoje trabalham contra o povo brasileiro.<\/p>\n<p>\u201cA mentira pode perdurar por algum tempo, mas uma hora a verdade vence. Esses que hoje roubam o sonho de milh\u00f5es de brasileiros, que retiram seus diretos e querem acabar com sua aposentadoria, ser\u00e3o apontados pela hist\u00f3ria como os grandes dilapidadores das nossas riquezas, como sempre acontece\u201d, finalizou Lupi.<\/p>\n<!-- AddThis Advanced Settings generic via filter on the_content --><!-- AddThis Share Buttons generic via filter on the_content -->","protected":false},"excerpt":{"rendered":"<p>O presidente nacional do PDT, Carlos Lupi, afirmou, nesta quarta (18), durante o lan\u00e7amento de um manifesto pela democracia, assinado por sete partidos progressistas, que o que acontece atualmente no Brasil \u00e9 uma repeti\u00e7\u00e3o da conturbada d\u00e9cada de 60 \u2013 quando ap\u00f3s sucessivas tentativas, os militares institu\u00edram a ditadura militar no Pa\u00eds e empurraram a&#8230;<!-- AddThis Advanced Settings generic via filter on wp_trim_excerpt --><!-- AddThis Share Buttons generic via filter on wp_trim_excerpt --><\/p>\n","protected":false},"author":17,"featured_media":59296,"comment_status":"closed","ping_status":"closed","sticky":false,"template":"","format":"standard","meta":{"_monsterinsights_skip_tracking":false,"_monsterinsights_sitenote_active":false,"_monsterinsights_sitenote_note":"","_monsterinsights_sitenote_category":0,"_uf_show_specific_survey":0,"_uf_disable_surveys":false,"footnotes":""},"categories":[1390],"tags":[196,2887,38,2889,2888],"class_list":["post-59295","post","type-post","status-publish","format-standard","has-post-thumbnail","hentry","category-editorias","tag-carlos-lupi","tag-manifesto-pela-democracia","tag-pdt","tag-prisao-de-lula","tag-soberania-nacional-e-diretos-do-povo-brasileiro"],"acf":[],"_links":{"self":[{"href":"https:\/\/pdt-rj.org.br\/index.php\/wp-json\/wp\/v2\/posts\/59295","targetHints":{"allow":["GET"]}}],"collection":[{"href":"https:\/\/pdt-rj.org.br\/index.php\/wp-json\/wp\/v2\/posts"}],"about":[{"href":"https:\/\/pdt-rj.org.br\/index.php\/wp-json\/wp\/v2\/types\/post"}],"author":[{"embeddable":true,"href":"https:\/\/pdt-rj.org.br\/index.php\/wp-json\/wp\/v2\/users\/17"}],"replies":[{"embeddable":true,"href":"https:\/\/pdt-rj.org.br\/index.php\/wp-json\/wp\/v2\/comments?post=59295"}],"version-history":[{"count":7,"href":"https:\/\/pdt-rj.org.br\/index.php\/wp-json\/wp\/v2\/posts\/59295\/revisions"}],"predecessor-version":[{"id":59410,"href":"https:\/\/pdt-rj.org.br\/index.php\/wp-json\/wp\/v2\/posts\/59295\/revisions\/59410"}],"wp:featuredmedia":[{"embeddable":true,"href":"https:\/\/pdt-rj.org.br\/index.php\/wp-json\/wp\/v2\/media\/59296"}],"wp:attachment":[{"href":"https:\/\/pdt-rj.org.br\/index.php\/wp-json\/wp\/v2\/media?parent=59295"}],"wp:term":[{"taxonomy":"category","embeddable":true,"href":"https:\/\/pdt-rj.org.br\/index.php\/wp-json\/wp\/v2\/categories?post=59295"},{"taxonomy":"post_tag","embeddable":true,"href":"https:\/\/pdt-rj.org.br\/index.php\/wp-json\/wp\/v2\/tags?post=59295"}],"curies":[{"name":"wp","href":"https:\/\/api.w.org\/{rel}","templated":true}]}}