{"id":59261,"date":"2018-04-16T17:00:35","date_gmt":"2018-04-16T20:00:35","guid":{"rendered":"http:\/\/pdt-rj.org.br\/?p=59261"},"modified":"2018-04-20T18:20:25","modified_gmt":"2018-04-20T21:20:25","slug":"ciro-gomes-considera-estimulante-resultado-da-pesquisa-datafolha","status":"publish","type":"post","link":"https:\/\/pdt-rj.org.br\/index.php\/ciro-gomes-considera-estimulante-resultado-da-pesquisa-datafolha\/","title":{"rendered":"Ciro Gomes considera estimulante resultado da pesquisa Datafolha"},"content":{"rendered":"<p>O pr\u00e9-candidato do PDT \u00e0 Presid\u00eancia da Rep\u00fablica, Ciro Gomes, considerou \u201cestimulante\u201d o resultado da \u00faltima pesquisa Datafolha, publicada neste domingo. Ciro falou hoje \u00e0 tarde com jornalistas, em Belo Horizonte (MG), onde cumpre agenda.<\/p>\n<p>\u201cDa minha parte, \u00e9 bastante interessante e estimulante porque, a despeito de uma estrada j\u00e1 longa &#8211; faz doze anos que n\u00e3o sou candidato &#8211; , isso revela uma posi\u00e7\u00e3o bastante competitiva\u201d, avaliou.<\/p>\n<p>No entanto, disse que as pesquisas retratam momentos e que a grande import\u00e2ncia dos levantamentos \u00e9 o de antecipar tend\u00eancias. \u201cE nesse momento, elas n\u00e3o s\u00e3o bem aclaradas porque pode haver mudan\u00e7a no quadro\u201d, disse o pedetista.<\/p>\n<p>De acordo com a pesquisa Datafolha, Ciro Gomes alcan\u00e7a 9% em todos os cen\u00e1rios em que Lula n\u00e3o \u00e9 candidato.<\/p>\n<p>Ciro tamb\u00e9m respondeu a perguntas fora do contexto eleitoral. Em uma delas, foi questionado sobre a a\u00e7\u00e3o de militantes do Movimento dos Trabalhadores Sem Teto (MTST), que invadiu nesta manh\u00e3 o apartamento tr\u00edplex atribu\u00eddo ao ex-presidente Lula.<\/p>\n<p>\u201c\u00c9 uma forma de protesto. A turma do MTST e outros grupos acham que a medida que \u00e0 medida que o triples n\u00e3o est\u00e1 no nome do Lula e ainda assim o juiz acabou concluindo com o assentimento de segunda inst\u00e2ncia, que \u00e9 o Tribunal Regional Federal, que n\u00e3o sendo dele estava reservado para ocupagem indevida, faz com que seja parecido com algo de terra de ningu\u00e9m. Todo protesto \u00e9 v\u00e1lido\u201d, disse.<\/p>\n<p>Sobre o fato do PDT ingressar na \u00faltima quinta-feira (12) com pedido judicial para garantir autoriza\u00e7\u00e3o de visita a Lula, explicou que, para ele, o ex-presidente n\u00e3o \u00e9 uma \u201cfigura conhecida pela televis\u00e3o\u201d, mas um \u201cvelho camarada\u201d com mais de trinta anos de conv\u00edvio.<\/p>\n<p>\u201cMe doeu o cora\u00e7\u00e3o ver algumas pessoas, na noite da pris\u00e3o dele, soltarem foguetes por algumas capitais do Brasil. N\u00e3o acho que isso seja um bom momento para o Brasil, afinal de contas, mesmo quem n\u00e3o gosta dele, deveria cultivar um pouco de solidariedade crist\u00e3, fraternidade\u201d, disse, ressaltando ainda o fato do ex-presidente ter trabalhado e projetado a imagem do Brasil no exterior com dignidade.<\/p>\n<p>\u201cE se eu for visit\u00e1-lo, vou como amigo; n\u00e3o tratarei uma frase sobre pol\u00edtica\u201d, frisou.<\/p>\n<p>Por fim, Ciro explicou que n\u00e3o foi visitar o presidente Lula, em S\u00e3o Bernardo do Campo, porque estava com agenda nos Estados Unidos, especificamente em Harvard, onde ministrou palestra ao lado do vice-presidente nacional do PT e ex-ministro da Sa\u00fade, Alexandre Padilha.<\/p>\n<p>\u201cEstava em um compromisso que tinha assumido oito meses atr\u00e1s, e a pris\u00e3o surpreendentemente r\u00e1pida do Lula me apanhou j\u00e1 em Boston, imposs\u00edvel de ir\u201d.<\/p>\n<!-- AddThis Advanced Settings generic via filter on the_content --><!-- AddThis Share Buttons generic via filter on the_content -->","protected":false},"excerpt":{"rendered":"<p>O pr\u00e9-candidato do PDT \u00e0 Presid\u00eancia da Rep\u00fablica, Ciro Gomes, considerou \u201cestimulante\u201d o resultado da \u00faltima pesquisa Datafolha, publicada neste domingo. Ciro falou hoje \u00e0 tarde com jornalistas, em Belo Horizonte (MG), onde cumpre agenda. \u201cDa minha parte, \u00e9 bastante interessante e estimulante porque, a despeito de uma estrada j\u00e1 longa &#8211; faz doze anos&#8230;<!-- AddThis Advanced Settings generic via filter on wp_trim_excerpt --><!-- AddThis Share Buttons generic via filter on wp_trim_excerpt --><\/p>\n","protected":false},"author":17,"featured_media":59263,"comment_status":"closed","ping_status":"closed","sticky":false,"template":"","format":"standard","meta":{"_monsterinsights_skip_tracking":false,"_monsterinsights_sitenote_active":false,"_monsterinsights_sitenote_note":"","_monsterinsights_sitenote_category":0,"_uf_show_specific_survey":0,"_uf_disable_surveys":false,"footnotes":""},"categories":[1390,1401],"tags":[220,2882,38],"class_list":["post-59261","post","type-post","status-publish","format-standard","has-post-thumbnail","hentry","category-editorias","category-nacional","tag-ciro-gomes","tag-datafolha","tag-pdt"],"acf":[],"_links":{"self":[{"href":"https:\/\/pdt-rj.org.br\/index.php\/wp-json\/wp\/v2\/posts\/59261","targetHints":{"allow":["GET"]}}],"collection":[{"href":"https:\/\/pdt-rj.org.br\/index.php\/wp-json\/wp\/v2\/posts"}],"about":[{"href":"https:\/\/pdt-rj.org.br\/index.php\/wp-json\/wp\/v2\/types\/post"}],"author":[{"embeddable":true,"href":"https:\/\/pdt-rj.org.br\/index.php\/wp-json\/wp\/v2\/users\/17"}],"replies":[{"embeddable":true,"href":"https:\/\/pdt-rj.org.br\/index.php\/wp-json\/wp\/v2\/comments?post=59261"}],"version-history":[{"count":4,"href":"https:\/\/pdt-rj.org.br\/index.php\/wp-json\/wp\/v2\/posts\/59261\/revisions"}],"predecessor-version":[{"id":59333,"href":"https:\/\/pdt-rj.org.br\/index.php\/wp-json\/wp\/v2\/posts\/59261\/revisions\/59333"}],"wp:featuredmedia":[{"embeddable":true,"href":"https:\/\/pdt-rj.org.br\/index.php\/wp-json\/wp\/v2\/media\/59263"}],"wp:attachment":[{"href":"https:\/\/pdt-rj.org.br\/index.php\/wp-json\/wp\/v2\/media?parent=59261"}],"wp:term":[{"taxonomy":"category","embeddable":true,"href":"https:\/\/pdt-rj.org.br\/index.php\/wp-json\/wp\/v2\/categories?post=59261"},{"taxonomy":"post_tag","embeddable":true,"href":"https:\/\/pdt-rj.org.br\/index.php\/wp-json\/wp\/v2\/tags?post=59261"}],"curies":[{"name":"wp","href":"https:\/\/api.w.org\/{rel}","templated":true}]}}