{"id":59249,"date":"2018-04-12T17:36:43","date_gmt":"2018-04-12T20:36:43","guid":{"rendered":"http:\/\/pdt-rj.org.br\/?p=59249"},"modified":"2018-04-12T17:39:00","modified_gmt":"2018-04-12T20:39:00","slug":"roberto-claudio-encaminha-projeto-que-cria-bolsa-de-estudo-para-o-residente-de-medicina","status":"publish","type":"post","link":"https:\/\/pdt-rj.org.br\/index.php\/roberto-claudio-encaminha-projeto-que-cria-bolsa-de-estudo-para-o-residente-de-medicina\/","title":{"rendered":"Roberto Cl\u00e1udio encaminha projeto que cria bolsa de estudo para o residente de medicina"},"content":{"rendered":"<p>O prefeito Roberto Cl\u00e1udio encaminhou, nesta quarta-feira (11), para a C\u00e2mara Municipal de Fortaleza, o projeto de lei que cria uma bolsa de estudo para o residente de Medicina da Fam\u00edlia e Comunidade. A bolsa ser\u00e1 para estimular a forma\u00e7\u00e3o de novos especialistas m\u00e9dicos de aten\u00e7\u00e3o b\u00e1sica, garantindo um atendimento com ainda mais qualidade para a popula\u00e7\u00e3o de Fortaleza.<\/p>\n<p>Cerca de 90% das situa\u00e7\u00f5es m\u00e9dicas mais frequentes que atingem a popula\u00e7\u00e3o em geral t\u00eam capacidade de resolu\u00e7\u00e3o na aten\u00e7\u00e3o b\u00e1sica. Por esta raz\u00e3o, Roberto Cl\u00e1udio v\u00ea a necessidade de valorizar o profissional.<\/p>\n<p>Cada residente de Medicina da aten\u00e7\u00e3o b\u00e1sica receber\u00e1 o valor mensal de R$ 5 mil. A bolsa municipal ser\u00e1 complementar \u00e0 bolsa de resid\u00eancia m\u00e9dica ofertada pelo Governo Federal. A resid\u00eancia em Medicina da Fam\u00edlia se d\u00e1 na Aten\u00e7\u00e3o Prim\u00e1ria e prepara o m\u00e9dico para atuar nas situa\u00e7\u00f5es que mais ocorrem na popula\u00e7\u00e3o em geral.<\/p>\n<p>Desde 2006, Fortaleza formou apenas 160 m\u00e9dicos da Fam\u00edlia e Comunidade. Por isso, a import\u00e2ncia de complementar a bolsa para a ocupa\u00e7\u00e3o de vagas para a resid\u00eancia.<\/p>\n<p>O projeto de lei tem autoria do vereador Jorge Pinheiro e foi encaminhado \u00e0 C\u00e2mara Municipal, onde ser\u00e1 votado.<\/p>\n<!-- AddThis Advanced Settings generic via filter on the_content --><!-- AddThis Share Buttons generic via filter on the_content -->","protected":false},"excerpt":{"rendered":"<p>O prefeito Roberto Cl\u00e1udio encaminhou, nesta quarta-feira (11), para a C\u00e2mara Municipal de Fortaleza, o projeto de lei que cria uma bolsa de estudo para o residente de Medicina da Fam\u00edlia e Comunidade. A bolsa ser\u00e1 para estimular a forma\u00e7\u00e3o de novos especialistas m\u00e9dicos de aten\u00e7\u00e3o b\u00e1sica, garantindo um atendimento com ainda mais qualidade para&#8230;<!-- AddThis Advanced Settings generic via filter on wp_trim_excerpt --><!-- AddThis Share Buttons generic via filter on wp_trim_excerpt --><\/p>\n","protected":false},"author":17,"featured_media":59250,"comment_status":"closed","ping_status":"closed","sticky":false,"template":"","format":"standard","meta":{"_monsterinsights_skip_tracking":false,"_monsterinsights_sitenote_active":false,"_monsterinsights_sitenote_note":"","_monsterinsights_sitenote_category":0,"_uf_show_specific_survey":0,"_uf_disable_surveys":false,"footnotes":""},"categories":[1390,1402],"tags":[2881,38,836],"class_list":["post-59249","post","type-post","status-publish","format-standard","has-post-thumbnail","hentry","category-editorias","category-cidades","tag-camara-municipal-de-fortaleza","tag-pdt","tag-roberto-claudio"],"acf":[],"_links":{"self":[{"href":"https:\/\/pdt-rj.org.br\/index.php\/wp-json\/wp\/v2\/posts\/59249","targetHints":{"allow":["GET"]}}],"collection":[{"href":"https:\/\/pdt-rj.org.br\/index.php\/wp-json\/wp\/v2\/posts"}],"about":[{"href":"https:\/\/pdt-rj.org.br\/index.php\/wp-json\/wp\/v2\/types\/post"}],"author":[{"embeddable":true,"href":"https:\/\/pdt-rj.org.br\/index.php\/wp-json\/wp\/v2\/users\/17"}],"replies":[{"embeddable":true,"href":"https:\/\/pdt-rj.org.br\/index.php\/wp-json\/wp\/v2\/comments?post=59249"}],"version-history":[{"count":4,"href":"https:\/\/pdt-rj.org.br\/index.php\/wp-json\/wp\/v2\/posts\/59249\/revisions"}],"predecessor-version":[{"id":59254,"href":"https:\/\/pdt-rj.org.br\/index.php\/wp-json\/wp\/v2\/posts\/59249\/revisions\/59254"}],"wp:featuredmedia":[{"embeddable":true,"href":"https:\/\/pdt-rj.org.br\/index.php\/wp-json\/wp\/v2\/media\/59250"}],"wp:attachment":[{"href":"https:\/\/pdt-rj.org.br\/index.php\/wp-json\/wp\/v2\/media?parent=59249"}],"wp:term":[{"taxonomy":"category","embeddable":true,"href":"https:\/\/pdt-rj.org.br\/index.php\/wp-json\/wp\/v2\/categories?post=59249"},{"taxonomy":"post_tag","embeddable":true,"href":"https:\/\/pdt-rj.org.br\/index.php\/wp-json\/wp\/v2\/tags?post=59249"}],"curies":[{"name":"wp","href":"https:\/\/api.w.org\/{rel}","templated":true}]}}