{"id":59181,"date":"2018-04-09T18:47:18","date_gmt":"2018-04-09T21:47:18","guid":{"rendered":"http:\/\/pdt-rj.org.br\/?p=59181"},"modified":"2018-04-11T15:25:26","modified_gmt":"2018-04-11T18:25:26","slug":"ciro-gomes-e-manoel-dias-debatem-retomada-do-crescimento-economico-em-itajai-sc","status":"publish","type":"post","link":"https:\/\/pdt-rj.org.br\/index.php\/ciro-gomes-e-manoel-dias-debatem-retomada-do-crescimento-economico-em-itajai-sc\/","title":{"rendered":"Ciro Gomes e Manoel Dias debatem retomada do crescimento econ\u00f4mico em Itaja\u00ed (SC)"},"content":{"rendered":"<p>Ciro Gomes, pr\u00e9-candidato a presidente da Rep\u00fablica pelo PDT, participam nesta ter\u00e7a-feira (10), em Itaja\u00ed (SC), de debates com empres\u00e1rios da regi\u00e3o e estudantes da Universidade do Vale do Itaja\u00ed (Univali). Na pauta, uma ampliada discuss\u00e3o sobre os desafios e perspectivas para viabilizar a retomada do crescimento econ\u00f4mico nacional.<\/p>\n<p>Ao meio-dia, Ciro participa, ao lado de Manoel Dias, ex-ministro do Trabalho e Emprego e pr\u00e9-candidato \u00fanico do PDT a deputado federal no estado, de encontro com lideran\u00e7as na Associa\u00e7\u00e3o Intersindical Patronal.<\/p>\n<p>Com vagas j\u00e1 esgotadas, a palestra na universidade, que ocorrer\u00e1 \u00e0s 19h, e ser\u00e1 transmitida pela p\u00e1gina do PDT de Santa Catarina no Facebook: fb.com\/pdtsc12.<\/p>\n<p><strong>Servi\u00e7o:<\/strong><\/p>\n<p><strong>Evento:<\/strong> Encontro com lideran\u00e7as na Associa\u00e7\u00e3o Intersindical Patronal de Itaja\u00ed (SC)<\/p>\n<p><strong>Data:<\/strong> 10\/04\/2018<\/p>\n<p><strong>Hor\u00e1rio:<\/strong> 12 horas<\/p>\n<p><strong>Local:<\/strong> Sede da Intersindical &#8211; Rua Jos\u00e9 Ferreira da Silva, 43, Itaja\u00ed (SC)<\/p>\n<p><strong>Evento:<\/strong> Palestra de Ciro Gomes na Univali, em Itaja\u00ed (SC)<\/p>\n<p><strong>Data:<\/strong> 10\/04\/2018<\/p>\n<p><strong>Hor\u00e1rio:<\/strong> 19h<\/p>\n<p><strong>Local:<\/strong> Universidade do Vale do Itaja\u00ed &#8211; Campus Itaja\u00ed &#8211; Teatro Adelaide Konder &#8211; R. Uruguai, 458, Centro, Itaja\u00ed (SC).<\/p>\n<!-- AddThis Advanced Settings generic via filter on the_content --><!-- AddThis Share Buttons generic via filter on the_content -->","protected":false},"excerpt":{"rendered":"<p>Ciro Gomes, pr\u00e9-candidato a presidente da Rep\u00fablica pelo PDT, participam nesta ter\u00e7a-feira (10), em Itaja\u00ed (SC), de debates com empres\u00e1rios da regi\u00e3o e estudantes da Universidade do Vale do Itaja\u00ed (Univali). Na pauta, uma ampliada discuss\u00e3o sobre os desafios e perspectivas para viabilizar a retomada do crescimento econ\u00f4mico nacional. Ao meio-dia, Ciro participa, ao lado&#8230;<!-- AddThis Advanced Settings generic via filter on wp_trim_excerpt --><!-- AddThis Share Buttons generic via filter on wp_trim_excerpt --><\/p>\n","protected":false},"author":17,"featured_media":59182,"comment_status":"closed","ping_status":"closed","sticky":false,"template":"","format":"standard","meta":{"_monsterinsights_skip_tracking":false,"_monsterinsights_sitenote_active":false,"_monsterinsights_sitenote_note":"","_monsterinsights_sitenote_category":0,"_uf_show_specific_survey":0,"_uf_disable_surveys":false,"footnotes":""},"categories":[1390],"tags":[220,2310,332,591,2874],"class_list":["post-59181","post","type-post","status-publish","format-standard","has-post-thumbnail","hentry","category-editorias","tag-ciro-gomes","tag-crescimento-economico","tag-economia","tag-manoel-dias","tag-retomada-do-crescimento-economico"],"acf":[],"_links":{"self":[{"href":"https:\/\/pdt-rj.org.br\/index.php\/wp-json\/wp\/v2\/posts\/59181","targetHints":{"allow":["GET"]}}],"collection":[{"href":"https:\/\/pdt-rj.org.br\/index.php\/wp-json\/wp\/v2\/posts"}],"about":[{"href":"https:\/\/pdt-rj.org.br\/index.php\/wp-json\/wp\/v2\/types\/post"}],"author":[{"embeddable":true,"href":"https:\/\/pdt-rj.org.br\/index.php\/wp-json\/wp\/v2\/users\/17"}],"replies":[{"embeddable":true,"href":"https:\/\/pdt-rj.org.br\/index.php\/wp-json\/wp\/v2\/comments?post=59181"}],"version-history":[{"count":10,"href":"https:\/\/pdt-rj.org.br\/index.php\/wp-json\/wp\/v2\/posts\/59181\/revisions"}],"predecessor-version":[{"id":59227,"href":"https:\/\/pdt-rj.org.br\/index.php\/wp-json\/wp\/v2\/posts\/59181\/revisions\/59227"}],"wp:featuredmedia":[{"embeddable":true,"href":"https:\/\/pdt-rj.org.br\/index.php\/wp-json\/wp\/v2\/media\/59182"}],"wp:attachment":[{"href":"https:\/\/pdt-rj.org.br\/index.php\/wp-json\/wp\/v2\/media?parent=59181"}],"wp:term":[{"taxonomy":"category","embeddable":true,"href":"https:\/\/pdt-rj.org.br\/index.php\/wp-json\/wp\/v2\/categories?post=59181"},{"taxonomy":"post_tag","embeddable":true,"href":"https:\/\/pdt-rj.org.br\/index.php\/wp-json\/wp\/v2\/tags?post=59181"}],"curies":[{"name":"wp","href":"https:\/\/api.w.org\/{rel}","templated":true}]}}