{"id":59134,"date":"2018-04-04T12:45:55","date_gmt":"2018-04-04T15:45:55","guid":{"rendered":"http:\/\/pdt-rj.org.br\/?p=59134"},"modified":"2018-04-04T14:01:48","modified_gmt":"2018-04-04T17:01:48","slug":"com-apoio-de-sergio-vidigal-congresso-derruba-veto-ao-refis-das-micro-e-pequenas-empresas","status":"publish","type":"post","link":"https:\/\/pdt-rj.org.br\/index.php\/com-apoio-de-sergio-vidigal-congresso-derruba-veto-ao-refis-das-micro-e-pequenas-empresas\/","title":{"rendered":"Com apoio de S\u00e9rgio Vidigal, Congresso derruba veto ao Refis das micro e pequenas empresas"},"content":{"rendered":"<p>O Congresso Nacional derrubou, nessa ter\u00e7a-feira (3), o veto presidencial ao programa de refinanciamento de d\u00edvidas (PERT) de micro e pequenos empres\u00e1rios com a Uni\u00e3o.\u00a0Um dos autores da emenda ao Projeto de Lei Complementar (PLP) 171\/2015 foi o deputado federal S\u00e9rgio Vidigal (PDT-ES).<\/p>\n<p>A mat\u00e9ria foi aprovada em dezembro de 2017 pela C\u00e2mara dos Deputados, mas barrada pelo governo em janeiro sob a alega\u00e7\u00e3o de limita\u00e7\u00f5es or\u00e7ament\u00e1rias.<\/p>\n<p>\u201cNa verdade, s\u00e3o as micro e pequenas empresas que est\u00e3o garantindo os empregos de milhares de trabalhadores, durante a crise financeira no Brasil. Portanto, esses estabelecimentos devem ter os mesmos direitos e benef\u00edcios que possuem as grandes empresas\u201d, defendeu Sergio Vidigal.<\/p>\n<p>Na C\u00e2mara dos Deputados, 346 parlamentares votaram a favor de derrubar o veto, com apenas um contra; j\u00e1 no Senado, 53 dos 54 parlamentares decidiram pela derrubada.<\/p>\n<p>A medida vai beneficiar cerca de 600 mil empresas cadastradas no Simples Nacional. Segundo c\u00e1lculos do Sebrae, juntos, esses estabelecimentos somam aproximadamente R$ 21 bilh\u00f5es em impostos.<\/p>\n<p>\u201cEsses estabelecimentos s\u00e3o respons\u00e1veis por gerar quase 60% dos empregos formais e foram os grandes respons\u00e1veis na manuten\u00e7\u00e3o de empregos no per\u00edodo da crise, tendo a partir de hoje um tratamento igualit\u00e1rio\u201d, comemorou Vidigal.<\/p>\n<p><strong>Mais facilidades<\/strong><\/p>\n<p>As empresas devedoras ter\u00e3o de pagar 5% do valor da d\u00edvida consolidada, sem redu\u00e7\u00f5es, em at\u00e9 cinco parcelas mensais e sucessivas. O pagamento dever\u00e1 ser feito por meio do Programa Especial de Regulariza\u00e7\u00e3o Tribut\u00e1ria das Microempresas e Empresas de Pequeno Porte (Pert-SN).<\/p>\n<p>O restante poder\u00e1 ser parcelado com descontos de 100% dos encargos legais e honor\u00e1rios advocat\u00edcios: integralmente, com redu\u00e7\u00e3o de 90% dos juros de mora e de 70% das multas; parcelado em 145 meses, com redu\u00e7\u00e3o de 80% dos juros de mora e de 50% das multas; ou parcelado em 175 meses, com redu\u00e7\u00e3o de 50% dos juros de mora e de 25% das multas.<\/p>\n<p>O valor m\u00ednimo das presta\u00e7\u00f5es ser\u00e1 de R$ 300,00. A exce\u00e7\u00e3o \u00e9 para os microempreendedores individuais (MEI), cujo valor ser\u00e1 estipulado pelo Conselho Gestor do Simples Nacional (CGSN).<\/p>\n<p><strong>Corre\u00e7\u00e3o<\/strong><\/p>\n<p>Quem se interessar por aderir ao parcelamento das d\u00edvidas ter\u00e1 at\u00e9 90 dias ap\u00f3s a data de publica\u00e7\u00e3o da futura lei complementar. O pedido implicar\u00e1 a desist\u00eancia de parcelamento anterior.<\/p>\n<p>As presta\u00e7\u00f5es mensais ser\u00e3o acrescidas da taxa Selic e de 1% relativo ao m\u00eas de pagamento.<\/p>\n<!-- AddThis Advanced Settings generic via filter on the_content --><!-- AddThis Share Buttons generic via filter on the_content -->","protected":false},"excerpt":{"rendered":"<p>O Congresso Nacional derrubou, nessa ter\u00e7a-feira (3), o veto presidencial ao programa de refinanciamento de d\u00edvidas (PERT) de micro e pequenos empres\u00e1rios com a Uni\u00e3o.\u00a0Um dos autores da emenda ao Projeto de Lei Complementar (PLP) 171\/2015 foi o deputado federal S\u00e9rgio Vidigal (PDT-ES). A mat\u00e9ria foi aprovada em dezembro de 2017 pela C\u00e2mara dos Deputados,&#8230;<!-- AddThis Advanced Settings generic via filter on wp_trim_excerpt --><!-- AddThis Share Buttons generic via filter on wp_trim_excerpt --><\/p>\n","protected":false},"author":17,"featured_media":59135,"comment_status":"closed","ping_status":"closed","sticky":false,"template":"","format":"standard","meta":{"_monsterinsights_skip_tracking":false,"_monsterinsights_sitenote_active":false,"_monsterinsights_sitenote_note":"","_monsterinsights_sitenote_category":0,"_uf_show_specific_survey":0,"_uf_disable_surveys":false,"footnotes":""},"categories":[1390],"tags":[38,2867,873],"class_list":["post-59134","post","type-post","status-publish","format-standard","has-post-thumbnail","hentry","category-editorias","tag-pdt","tag-refis","tag-sergio-vidigal"],"acf":[],"_links":{"self":[{"href":"https:\/\/pdt-rj.org.br\/index.php\/wp-json\/wp\/v2\/posts\/59134","targetHints":{"allow":["GET"]}}],"collection":[{"href":"https:\/\/pdt-rj.org.br\/index.php\/wp-json\/wp\/v2\/posts"}],"about":[{"href":"https:\/\/pdt-rj.org.br\/index.php\/wp-json\/wp\/v2\/types\/post"}],"author":[{"embeddable":true,"href":"https:\/\/pdt-rj.org.br\/index.php\/wp-json\/wp\/v2\/users\/17"}],"replies":[{"embeddable":true,"href":"https:\/\/pdt-rj.org.br\/index.php\/wp-json\/wp\/v2\/comments?post=59134"}],"version-history":[{"count":2,"href":"https:\/\/pdt-rj.org.br\/index.php\/wp-json\/wp\/v2\/posts\/59134\/revisions"}],"predecessor-version":[{"id":59137,"href":"https:\/\/pdt-rj.org.br\/index.php\/wp-json\/wp\/v2\/posts\/59134\/revisions\/59137"}],"wp:featuredmedia":[{"embeddable":true,"href":"https:\/\/pdt-rj.org.br\/index.php\/wp-json\/wp\/v2\/media\/59135"}],"wp:attachment":[{"href":"https:\/\/pdt-rj.org.br\/index.php\/wp-json\/wp\/v2\/media?parent=59134"}],"wp:term":[{"taxonomy":"category","embeddable":true,"href":"https:\/\/pdt-rj.org.br\/index.php\/wp-json\/wp\/v2\/categories?post=59134"},{"taxonomy":"post_tag","embeddable":true,"href":"https:\/\/pdt-rj.org.br\/index.php\/wp-json\/wp\/v2\/tags?post=59134"}],"curies":[{"name":"wp","href":"https:\/\/api.w.org\/{rel}","templated":true}]}}