{"id":59115,"date":"2018-04-02T21:00:14","date_gmt":"2018-04-03T00:00:14","guid":{"rendered":"http:\/\/pdt-rj.org.br\/?p=59115"},"modified":"2018-04-11T18:05:03","modified_gmt":"2018-04-11T21:05:03","slug":"katia-abreu-e-a-pre-candidata-do-pdt-ao-governo-de-tocantins","status":"publish","type":"post","link":"https:\/\/pdt-rj.org.br\/index.php\/katia-abreu-e-a-pre-candidata-do-pdt-ao-governo-de-tocantins\/","title":{"rendered":"K\u00e1tia Abreu \u00e9 a pr\u00e9-candidata do PDT ao governo de Tocantins"},"content":{"rendered":"<p>A senadora K\u00e1tia Abreu se filou hoje ao PDT, em Palmas, capital do Tocantins, em uma cerim\u00f4nia realizada na Associa\u00e7\u00e3o Tocantinense dos Munic\u00edpios (ATM). Entre as v\u00e1rias lideran\u00e7as presentes no evento, estavam o pr\u00e9-candidato \u00e0 Presid\u00eancia do Brasil pelo PDT, Ciro Gomes, o presidente nacional do partido, Carlos Lupi, Cid Gomes e o ex-governador e senador Roberto Requi\u00e3o (PR).<\/p>\n<p>Pr\u00e9-candidata ao governo do estado, a nova pedetista se comprometeu a buscar solu\u00e7\u00f5es para resolver os principais problemas estruturais e sociais do estado, e disse que espera contar com a ajuda de Ciro, caso ele assuma o comando do Pa\u00eds.<\/p>\n<p>A senadora tamb\u00e9m destacou que trabalhar\u00e1 diuturnamente para combater a corrup\u00e7\u00e3o no estado.\u201cTrabalharemos dia e noite para combater as negociatas com os neg\u00f3cios do governo\u201d, avisou.<\/p>\n<p>Em suas boas-vindas a K\u00e1tia Abreu, Carlos Lupi destacou a sua coer\u00eancia, lealdade e coragem; qualidades que, segundo ele, qualificam a senadora para fazer parte do PDT.<\/p>\n<p>\u201cA senadora K\u00e1tia Abreu ser\u00e1 governadora do estado do Tocantins. A primeira mulher a governador, como foi a primeira mulher a ser ministra da agricultura. Foi a mais corajosa mulher, no Senado Federal, a enfrentar os desmandos da corrup\u00e7\u00e3o e a ter lealdade com quem foi leal com ela\u201d, elogiu Lupi.<\/p>\n<p>Para o presidente do PDT, a pr\u00e9-candidata ser\u00e1 um exemplo de gest\u00e3o e promover\u00e1 a transforma\u00e7\u00e3o que o estado precisa.<\/p>\n<p>\u201cN\u00f3s n\u00e3o temos que olhar para tr\u00e1s. Olhando para frente, n\u00f3s precisamos de uma mulher honrada, corajosa, ousada para ser governadora do estado de Tocantins. E esse nome \u00e9 K\u00e1tia Abreu\u201d.<\/p>\n<p>Ciro se posicionou contra a corrup\u00e7\u00e3o generalizada no Pa\u00eds, listou os problemas atuais na na\u00e7\u00e3o e declarou que K\u00e1tia Abreu \u00e9 a resposta que Tocantins precisa, por ser um exemplo de valentia, coer\u00eancia e lealdade.<\/p>\n<p>\u201cA K\u00e1tia Abreu \u00e9 um desses tesouros que, pelo exemplo, pode permitir a restaura\u00e7\u00e3o da confian\u00e7a do povo na sua representa\u00e7\u00e3o e, portanto, da democracia\u201d, avaliou o presidenci\u00e1vel, para quem a pr\u00e9-candidata representa os ideais do Trabalhismo e do PDT.<\/p>\n<p>\u201cCom essa confronta\u00e7\u00e3o de problemas t\u00e3o graves e complexos, um homem com a minha viv\u00eancia, s\u00f3 tem coragem de encarar essa luta por causa disso: estou cercado de gente que traz no compromisso da hist\u00f3ria, a valentia e o exemplo de coer\u00eancia e lealdade de K\u00e1tia Abreu para o presente\u201d, enalteceu Ciro.<\/p>\n<p>O pr\u00e9-candidato a presidente finalizou seu discurso com um aviso aos os pol\u00edticos envolvidos em corrup\u00e7\u00e3o no estado.<\/p>\n<p>\u201cRatazanas que infernizaram o Tocantins, um recado pelo fio do cora\u00e7\u00e3o dos que maltrataram o povo querido da minha Tocantins: corram vem a\u00ed a guerreira, K\u00e1tia Abreu\u201d.<\/p>\n<!-- AddThis Advanced Settings generic via filter on the_content --><!-- AddThis Share Buttons generic via filter on the_content -->","protected":false},"excerpt":{"rendered":"<p>A senadora K\u00e1tia Abreu se filou hoje ao PDT, em Palmas, capital do Tocantins, em uma cerim\u00f4nia realizada na Associa\u00e7\u00e3o Tocantinense dos Munic\u00edpios (ATM). Entre as v\u00e1rias lideran\u00e7as presentes no evento, estavam o pr\u00e9-candidato \u00e0 Presid\u00eancia do Brasil pelo PDT, Ciro Gomes, o presidente nacional do partido, Carlos Lupi, Cid Gomes e o ex-governador e&#8230;<!-- AddThis Advanced Settings generic via filter on wp_trim_excerpt --><!-- AddThis Share Buttons generic via filter on wp_trim_excerpt --><\/p>\n","protected":false},"author":17,"featured_media":59116,"comment_status":"closed","ping_status":"closed","sticky":false,"template":"","format":"standard","meta":{"_monsterinsights_skip_tracking":false,"_monsterinsights_sitenote_active":false,"_monsterinsights_sitenote_note":"","_monsterinsights_sitenote_category":0,"_uf_show_specific_survey":0,"_uf_disable_surveys":false,"footnotes":""},"categories":[1390],"tags":[196,220,2866,38],"class_list":["post-59115","post","type-post","status-publish","format-standard","has-post-thumbnail","hentry","category-editorias","tag-carlos-lupi","tag-ciro-gomes","tag-katia-abreu","tag-pdt"],"acf":[],"_links":{"self":[{"href":"https:\/\/pdt-rj.org.br\/index.php\/wp-json\/wp\/v2\/posts\/59115","targetHints":{"allow":["GET"]}}],"collection":[{"href":"https:\/\/pdt-rj.org.br\/index.php\/wp-json\/wp\/v2\/posts"}],"about":[{"href":"https:\/\/pdt-rj.org.br\/index.php\/wp-json\/wp\/v2\/types\/post"}],"author":[{"embeddable":true,"href":"https:\/\/pdt-rj.org.br\/index.php\/wp-json\/wp\/v2\/users\/17"}],"replies":[{"embeddable":true,"href":"https:\/\/pdt-rj.org.br\/index.php\/wp-json\/wp\/v2\/comments?post=59115"}],"version-history":[{"count":15,"href":"https:\/\/pdt-rj.org.br\/index.php\/wp-json\/wp\/v2\/posts\/59115\/revisions"}],"predecessor-version":[{"id":59238,"href":"https:\/\/pdt-rj.org.br\/index.php\/wp-json\/wp\/v2\/posts\/59115\/revisions\/59238"}],"wp:featuredmedia":[{"embeddable":true,"href":"https:\/\/pdt-rj.org.br\/index.php\/wp-json\/wp\/v2\/media\/59116"}],"wp:attachment":[{"href":"https:\/\/pdt-rj.org.br\/index.php\/wp-json\/wp\/v2\/media?parent=59115"}],"wp:term":[{"taxonomy":"category","embeddable":true,"href":"https:\/\/pdt-rj.org.br\/index.php\/wp-json\/wp\/v2\/categories?post=59115"},{"taxonomy":"post_tag","embeddable":true,"href":"https:\/\/pdt-rj.org.br\/index.php\/wp-json\/wp\/v2\/tags?post=59115"}],"curies":[{"name":"wp","href":"https:\/\/api.w.org\/{rel}","templated":true}]}}