{"id":59002,"date":"2018-03-26T09:53:25","date_gmt":"2018-03-26T12:53:25","guid":{"rendered":"http:\/\/pdt-rj.org.br\/?p=59002"},"modified":"2018-04-17T19:45:45","modified_gmt":"2018-04-17T22:45:45","slug":"em-entrevista-patricia-pillar-afirma-que-ciro-nunca-foi-machista","status":"publish","type":"post","link":"https:\/\/pdt-rj.org.br\/index.php\/em-entrevista-patricia-pillar-afirma-que-ciro-nunca-foi-machista\/","title":{"rendered":"Em entrevista, Patr\u00edcia Pillar afirma que Ciro &#8220;nunca foi machista&#8221;"},"content":{"rendered":"<p>A edi\u00e7\u00e3o do jornal O Globo deste domingo (25) entrevistou a atriz Patr\u00edcia Pillar. Al\u00e9m de falar da supers\u00e9rie \u2018Onde nascem os fortes\u2019, que estr\u00e9ia em abril, a atriz global defendeu Ciro Gomes, ao ser questionada como foi para ela a declara\u00e7\u00e3o que ele deu em 2002 &#8211; na \u00e9poca seu marido e candidato a presidente da Rep\u00fablica pela Frente Trabalhista, ao dizer que seu papel na campanha era dormir com ele.<\/p>\n<p>\u201cConvivi 17 anos com ele e ele nunca foi machista. Naquela campanha, ele era uma alternativa ao PT e ao PSDB, e estava super exposto, apanhando dos dois lados. Todas as entrevistas dele em que eu estava presente aparecia essa pergunta e sempre de forma provocativa. E, neste dia, j\u00e1 era a terceira ou quarta. Ele j\u00e1 tinha respondido que eu era sua companheira, que convers\u00e1vamos sobre tudo, porque era isso mesmo, compartilh\u00e1vamos um projeto de Brasil. Mas a\u00ed perdeu a paci\u00eancia e deu aquela resposta infeliz\u201d, disse ela.<\/p>\n<p>Ainda de acordo com reportagem do jornal carioca, Patr\u00edcia disse que viu no epis\u00f3dio um sinal \u201cdesses tempos de hipocrisia\u201d.<\/p>\n<p>\u201cPara uma pessoa que n\u00e3o se tornou c\u00ednica, \u00e9 muito dif\u00edcil aguentar certas coisas. S\u00f3 que as pessoas muitas vezes preferem os c\u00ednicos, os \u2018educados\u2019, que dizem coisas incr\u00edveis, mas que fazem o oposto. Isso \u00e9 terr\u00edvel. Ele me pediu desculpas, e eu compreendi imediatamente, pelo cansa\u00e7o e pelo esgotamento que vivi junto com ele\u201d, afirmou.<\/p>\n<p>Questionada novamente sobre o epis\u00f3dio, mas dessa vez se hoje, votaria em Ciro Gomes para presidente, a atriz foi assertiva.<\/p>\n<p>\u201cVoto nele, claro. O panorama ainda est\u00e1 indefinido (Ciro \u00e9 pr\u00e9-candidato pelo PDT), mas n\u00e3o h\u00e1 a menor chance de o meu voto n\u00e3o ser dele\u201d, respondeu.<\/p>\n<p>Leia a \u00edntegra da entrevista em \u00a0<a href=\"https:\/\/oglobo.globo.com\/cultura\/revista-da-tv\/patricia-pillar-comenta-feminismo-assedio-eleicoes-ciro-gomes-22523866#ixzz5ArInQswX\">https:\/\/oglobo.globo.com\/cultura\/revista-da-tv\/patricia-pillar-comenta-feminismo-assedio-eleicoes-ciro-gomes-22523866#ixzz5ArInQswX<\/a><\/p>\n<!-- AddThis Advanced Settings generic via filter on the_content --><!-- AddThis Share Buttons generic via filter on the_content -->","protected":false},"excerpt":{"rendered":"<p>A edi\u00e7\u00e3o do jornal O Globo deste domingo (25) entrevistou a atriz Patr\u00edcia Pillar. Al\u00e9m de falar da supers\u00e9rie \u2018Onde nascem os fortes\u2019, que estr\u00e9ia em abril, a atriz global defendeu Ciro Gomes, ao ser questionada como foi para ela a declara\u00e7\u00e3o que ele deu em 2002 &#8211; na \u00e9poca seu marido e candidato a&#8230;<!-- AddThis Advanced Settings generic via filter on wp_trim_excerpt --><!-- AddThis Share Buttons generic via filter on wp_trim_excerpt --><\/p>\n","protected":false},"author":17,"featured_media":59003,"comment_status":"closed","ping_status":"closed","sticky":false,"template":"","format":"standard","meta":{"_monsterinsights_skip_tracking":false,"_monsterinsights_sitenote_active":false,"_monsterinsights_sitenote_note":"","_monsterinsights_sitenote_category":0,"_uf_show_specific_survey":0,"_uf_disable_surveys":false,"footnotes":""},"categories":[1390,975],"tags":[220,2885],"class_list":["post-59002","post","type-post","status-publish","format-standard","has-post-thumbnail","hentry","category-editorias","category-manchete","tag-ciro-gomes","tag-patricia-pillar"],"acf":[],"_links":{"self":[{"href":"https:\/\/pdt-rj.org.br\/index.php\/wp-json\/wp\/v2\/posts\/59002","targetHints":{"allow":["GET"]}}],"collection":[{"href":"https:\/\/pdt-rj.org.br\/index.php\/wp-json\/wp\/v2\/posts"}],"about":[{"href":"https:\/\/pdt-rj.org.br\/index.php\/wp-json\/wp\/v2\/types\/post"}],"author":[{"embeddable":true,"href":"https:\/\/pdt-rj.org.br\/index.php\/wp-json\/wp\/v2\/users\/17"}],"replies":[{"embeddable":true,"href":"https:\/\/pdt-rj.org.br\/index.php\/wp-json\/wp\/v2\/comments?post=59002"}],"version-history":[{"count":5,"href":"https:\/\/pdt-rj.org.br\/index.php\/wp-json\/wp\/v2\/posts\/59002\/revisions"}],"predecessor-version":[{"id":59289,"href":"https:\/\/pdt-rj.org.br\/index.php\/wp-json\/wp\/v2\/posts\/59002\/revisions\/59289"}],"wp:featuredmedia":[{"embeddable":true,"href":"https:\/\/pdt-rj.org.br\/index.php\/wp-json\/wp\/v2\/media\/59003"}],"wp:attachment":[{"href":"https:\/\/pdt-rj.org.br\/index.php\/wp-json\/wp\/v2\/media?parent=59002"}],"wp:term":[{"taxonomy":"category","embeddable":true,"href":"https:\/\/pdt-rj.org.br\/index.php\/wp-json\/wp\/v2\/categories?post=59002"},{"taxonomy":"post_tag","embeddable":true,"href":"https:\/\/pdt-rj.org.br\/index.php\/wp-json\/wp\/v2\/tags?post=59002"}],"curies":[{"name":"wp","href":"https:\/\/api.w.org\/{rel}","templated":true}]}}