{"id":58937,"date":"2018-03-19T16:18:04","date_gmt":"2018-03-19T19:18:04","guid":{"rendered":"http:\/\/pdt-rj.org.br\/?p=58937"},"modified":"2018-03-26T10:56:13","modified_gmt":"2018-03-26T13:56:13","slug":"ciro-debate-seguranca-e-reformas-em-encontro-com-a-frente-favela-brasil","status":"publish","type":"post","link":"https:\/\/pdt-rj.org.br\/index.php\/ciro-debate-seguranca-e-reformas-em-encontro-com-a-frente-favela-brasil\/","title":{"rendered":"Ciro debate seguran\u00e7a p\u00fablica em encontro com a Frente Favela Brasil"},"content":{"rendered":"<p>O presidenci\u00e1vel Ciro Gomes participou, no \u00faltimo s\u00e1bado (17), de um bate-papo com o Frente Favela Brasil (FFB). O encontro com o pr\u00e9-candidato do PDT aconteceu na laje da sede do diret\u00f3rio estadual da FFB, no bairro de Santa Teresa, no Rio de Janeiro.<\/p>\n<p>Ciro Gomes falou sobre reformas, dentre elas as da previd\u00eancia e tribut\u00e1ria, al\u00e9m de responder a uma s\u00e9rie de perguntas, incluindo seguran\u00e7a e a inser\u00e7\u00e3o do negro na pol\u00edtica.<\/p>\n<p>Durante o debate, foi questionado como o Poder Federal poderia ajudar o estado do Rio de Janeiro, n\u00e3o como uma interven\u00e7\u00e3o, mas com estrat\u00e9gias de enfrentamento para coibir a viol\u00eancia.<\/p>\n<p>Na avalia\u00e7\u00e3o de Ciro, \u00e9 preciso agir com intelig\u00eancia e informa\u00e7\u00e3o no combate, e que n\u00e3o se enfrenta o crime organizado com aparatos, mas sim com intelig\u00eancia e informa\u00e7\u00e3o.<\/p>\n<p>\u201cO Brasil precisa criar um sistema nacional de seguran\u00e7a. Voc\u00ea tem que botar numa mesma base de organiza\u00e7\u00e3o todo o aparato de seguran\u00e7a ostensivo e o aparato de intelig\u00eancia, que ningu\u00e9m sabe que existe e \u00e9 a chave para o enfrentamento&#8221;, disse.<\/p>\n<p>Ciro explicou que n\u00e3o houve uma mudan\u00e7a legal a partir do surgimento da presen\u00e7a do narcotr\u00e1fico. Para ele, as fac\u00e7\u00f5es criminosas se tornaram uma novidade altamente sofisticada que n\u00e3o se comparam a nenhum epis\u00f3dio do mundo.<\/p>\n<p>Ele reiterou que o Brasil conta com 700 mil presos, sendo 270 mil jovens, negros, pobres e favelados. Disse que o jovem acaba entrando no crime porque tem aspira\u00e7\u00e3o de consumo por aquilo que a vida real n\u00e3o pode lhe dar ou n\u00e3o lhe permite acessar.<\/p>\n<p>Na roda de bate-papo, Ciro tamb\u00e9m foi questionado sobre governabilidade e como trataria de temas referentes a medidas antipopulares. O presidenci\u00e1vel argumentou que nesse quesito, seria \u201cmuito improv\u00e1vel\u201d que qualquer presidente da Rep\u00fablica resolvesse por m\u00e9todos tradicionais.<\/p>\n<p>\u201cE eu n\u00e3o vou deixar ningu\u00e9m acreditar nisso, que eu tenha essa capacidade. O que eu proponho \u00e9 mudar o ambiente onde essa media\u00e7\u00e3o se faz, e isso eu sou bem treinado\u201d, disse.<\/p>\n<p>\u201cSe eu permitir que o ajuizamento dos conflitos brasileiros se insira num ambiente de uma democracia representativa, elitista, reacion\u00e1ria, corrupta e fisiol\u00f3gica, e eu acreditar, como o Fernando Henrique quis fazer o Lula acreditar \u2013 e o Lula acreditou, tamb\u00e9m, que a forma de resolver essa contradi\u00e7\u00e3o \u00e9 copt\u00e1-los pela linguagem deles, isto \u00e9 a certeza do fracasso. Ent\u00e3o por este caminho eu n\u00e3o vou&#8221;, afirmou.<\/p>\n<p>Na seara das reformas, Ciro ouviu que na periferia paga-se a mesma propor\u00e7\u00e3o de imposto e que \u201cnada volta\u201d, ao contr\u00e1rio dos grandes centros, onde o tributo volta em forma de saneamento, por exemplo. A d\u00favida foi, ent\u00e3o, como poderia equilibrar essa equa\u00e7\u00e3o.<\/p>\n<p>&#8220;Hoje o povo mais pobre paga muito mais de imposto do que o povo rico porque a tributa\u00e7\u00e3o sobre patrim\u00f4nio no Brasil \u00e9 uma tributa\u00e7\u00e3o direta, e \u00e9 muito f\u00e1cil se evadir dela. E o pobre paga pesadamente tributa\u00e7\u00e3o indireta\u201d, disse, citando que no Rio de Janeiro, por exemplo, a tributa\u00e7\u00e3o sobre heran\u00e7a \u00e9 de 4%, enquanto que no Cear\u00e1, que \u00e9 um estado muito pobre, cobra-se 8%.<\/p>\n<p>\u201cNos Estados Unidos come\u00e7a-se em 29% e vai a 45% e na Europa, \u00e9 de 37% at\u00e9 52%. E isso eu vou propor\u201d, pontuou.<br \/>\nEm quase duas horas de \u201cbate-papo na laje\u201d, Ciro Gomes tamb\u00e9m conversou sobre a inser\u00e7\u00e3o de negros em espa\u00e7os de poder e como faria essa gest\u00e3o. Disse que o PDT conta hoje com um movimento muito forte e que est\u00e3o preparando uma agenda.<\/p>\n<p>Sobre a inser\u00e7\u00e3o das mulheres negras na pol\u00edtica, disse que o tema est\u00e1 sendo aprofundado com o movimento da negritude no PDT.<\/p>\n<p>O Frente Favela Brasil (FFB) \u00e9 um partido pol\u00edtico brasileiro democr\u00e1tico participativo, fundado em 2016. Tem como objetivo a luta pelos direitos da popula\u00e7\u00e3o afrodescendente, das favelas e dos pobres das periferias, al\u00e9m de promover o bem-estar coletivo e a justi\u00e7a social.<\/p>\n<!-- AddThis Advanced Settings generic via filter on the_content --><!-- AddThis Share Buttons generic via filter on the_content -->","protected":false},"excerpt":{"rendered":"<p>O presidenci\u00e1vel Ciro Gomes participou, no \u00faltimo s\u00e1bado (17), de um bate-papo com o Frente Favela Brasil (FFB). O encontro com o pr\u00e9-candidato do PDT aconteceu na laje da sede do diret\u00f3rio estadual da FFB, no bairro de Santa Teresa, no Rio de Janeiro. Ciro Gomes falou sobre reformas, dentre elas as da previd\u00eancia e&#8230;<!-- AddThis Advanced Settings generic via filter on wp_trim_excerpt --><!-- AddThis Share Buttons generic via filter on wp_trim_excerpt --><\/p>\n","protected":false},"author":17,"featured_media":58938,"comment_status":"closed","ping_status":"closed","sticky":false,"template":"","format":"standard","meta":{"_monsterinsights_skip_tracking":false,"_monsterinsights_sitenote_active":false,"_monsterinsights_sitenote_note":"","_monsterinsights_sitenote_category":0,"_uf_show_specific_survey":0,"_uf_disable_surveys":false,"footnotes":""},"categories":[1390],"tags":[2852,2824],"class_list":["post-58937","post","type-post","status-publish","format-standard","has-post-thumbnail","hentry","category-editorias","tag-ffb","tag-frente-favela-brasil"],"acf":[],"_links":{"self":[{"href":"https:\/\/pdt-rj.org.br\/index.php\/wp-json\/wp\/v2\/posts\/58937","targetHints":{"allow":["GET"]}}],"collection":[{"href":"https:\/\/pdt-rj.org.br\/index.php\/wp-json\/wp\/v2\/posts"}],"about":[{"href":"https:\/\/pdt-rj.org.br\/index.php\/wp-json\/wp\/v2\/types\/post"}],"author":[{"embeddable":true,"href":"https:\/\/pdt-rj.org.br\/index.php\/wp-json\/wp\/v2\/users\/17"}],"replies":[{"embeddable":true,"href":"https:\/\/pdt-rj.org.br\/index.php\/wp-json\/wp\/v2\/comments?post=58937"}],"version-history":[{"count":9,"href":"https:\/\/pdt-rj.org.br\/index.php\/wp-json\/wp\/v2\/posts\/58937\/revisions"}],"predecessor-version":[{"id":59008,"href":"https:\/\/pdt-rj.org.br\/index.php\/wp-json\/wp\/v2\/posts\/58937\/revisions\/59008"}],"wp:featuredmedia":[{"embeddable":true,"href":"https:\/\/pdt-rj.org.br\/index.php\/wp-json\/wp\/v2\/media\/58938"}],"wp:attachment":[{"href":"https:\/\/pdt-rj.org.br\/index.php\/wp-json\/wp\/v2\/media?parent=58937"}],"wp:term":[{"taxonomy":"category","embeddable":true,"href":"https:\/\/pdt-rj.org.br\/index.php\/wp-json\/wp\/v2\/categories?post=58937"},{"taxonomy":"post_tag","embeddable":true,"href":"https:\/\/pdt-rj.org.br\/index.php\/wp-json\/wp\/v2\/tags?post=58937"}],"curies":[{"name":"wp","href":"https:\/\/api.w.org\/{rel}","templated":true}]}}