{"id":58925,"date":"2018-03-16T18:40:31","date_gmt":"2018-03-16T21:40:31","guid":{"rendered":"http:\/\/pdt-rj.org.br\/?p=58925"},"modified":"2018-03-25T23:13:57","modified_gmt":"2018-03-26T02:13:57","slug":"luto-por-todas-de-sirley-soalheiro","status":"publish","type":"post","link":"https:\/\/pdt-rj.org.br\/index.php\/luto-por-todas-de-sirley-soalheiro\/","title":{"rendered":"Artigo &#8211; &#8220;Luto por todas\u201d"},"content":{"rendered":"<p>Para as mulheres da A\u00e7\u00e3o da Mulher Trabalhista (AMT), luto \u00e9 verbo. Recorrente e intenso, segue motivando e mobilizando cada uma das trabalhistas contra as injusti\u00e7as, ataques e opress\u00f5es que flagelam o viver de crian\u00e7as, jovens e adultas.<\/p>\n<p>Na quarta-feira (14), foi a vereadora Marielle Franco, no Rio de Janeiro, de forma b\u00e1rbara. Ontem, hoje e amanh\u00e3, sim, novos outros casos em diversos cantos do Brasil.<\/p>\n<p>Isso n\u00e3o \u00e9 normal \u2013 muito menos aceit\u00e1vel \u2013 e ser\u00e1 sempre combatido por todas n\u00f3s, que estamos no dia a dia lutando por uma na\u00e7\u00e3o mais justa, igual e fraterna.<\/p>\n<p>S\u00e3o tempos sombrios, que merecerem uma reflex\u00e3o e a devida aten\u00e7\u00e3o para os sinais e consequ\u00eancias do momento fascista e ditatorial brasileiro.<\/p>\n<p>Vamos para as ruas, para os parlamentos e para onde n\u00f3s quisermos. Pela Marielle, pela Maria, pela Joana e por todas as demais companheiras que batalham e sobrevivem, cada uma da sua maneira, principalmente an\u00f4nima.<\/p>\n<p>Podem tentar, mas o sil\u00eancio n\u00e3o \u00e9 uma palavra de ordem para n\u00f3s. A resist\u00eancia continua. O caminho \u00e9 longo.<\/p>\n<p>Mulher na luta. AMT presente!<\/p>\n<p>&nbsp;<\/p>\n<p><em><strong>*S\u00edrley Soalheiro \u00e9 vice-presidente nacional da A\u00e7\u00e3o da Mulher Trabalhista e secret\u00e1ria-geral do PDT de Minas Gerais.<\/strong><\/em><\/p>\n<!-- AddThis Advanced Settings generic via filter on the_content --><!-- AddThis Share Buttons generic via filter on the_content -->","protected":false},"excerpt":{"rendered":"<p>Para as mulheres da A\u00e7\u00e3o da Mulher Trabalhista (AMT), luto \u00e9 verbo. Recorrente e intenso, segue motivando e mobilizando cada uma das trabalhistas contra as injusti\u00e7as, ataques e opress\u00f5es que flagelam o viver de crian\u00e7as, jovens e adultas. Na quarta-feira (14), foi a vereadora Marielle Franco, no Rio de Janeiro, de forma b\u00e1rbara. Ontem, hoje&#8230;<!-- AddThis Advanced Settings generic via filter on wp_trim_excerpt --><!-- AddThis Share Buttons generic via filter on wp_trim_excerpt --><\/p>\n","protected":false},"author":17,"featured_media":58926,"comment_status":"closed","ping_status":"closed","sticky":false,"template":"","format":"standard","meta":{"_monsterinsights_skip_tracking":false,"_monsterinsights_sitenote_active":false,"_monsterinsights_sitenote_note":"","_monsterinsights_sitenote_category":0,"_uf_show_specific_survey":0,"_uf_disable_surveys":false,"footnotes":""},"categories":[1585,1584,1390,1397],"tags":[87,2851,883],"class_list":["post-58925","post","type-post","status-publish","format-standard","has-post-thumbnail","hentry","category-amt","category-artigos","category-editorias","category-movimentos","tag-acao-da-mulher-trabalhista","tag-amt-presente","tag-sirley-soalheiro"],"acf":[],"_links":{"self":[{"href":"https:\/\/pdt-rj.org.br\/index.php\/wp-json\/wp\/v2\/posts\/58925","targetHints":{"allow":["GET"]}}],"collection":[{"href":"https:\/\/pdt-rj.org.br\/index.php\/wp-json\/wp\/v2\/posts"}],"about":[{"href":"https:\/\/pdt-rj.org.br\/index.php\/wp-json\/wp\/v2\/types\/post"}],"author":[{"embeddable":true,"href":"https:\/\/pdt-rj.org.br\/index.php\/wp-json\/wp\/v2\/users\/17"}],"replies":[{"embeddable":true,"href":"https:\/\/pdt-rj.org.br\/index.php\/wp-json\/wp\/v2\/comments?post=58925"}],"version-history":[{"count":5,"href":"https:\/\/pdt-rj.org.br\/index.php\/wp-json\/wp\/v2\/posts\/58925\/revisions"}],"predecessor-version":[{"id":58999,"href":"https:\/\/pdt-rj.org.br\/index.php\/wp-json\/wp\/v2\/posts\/58925\/revisions\/58999"}],"wp:featuredmedia":[{"embeddable":true,"href":"https:\/\/pdt-rj.org.br\/index.php\/wp-json\/wp\/v2\/media\/58926"}],"wp:attachment":[{"href":"https:\/\/pdt-rj.org.br\/index.php\/wp-json\/wp\/v2\/media?parent=58925"}],"wp:term":[{"taxonomy":"category","embeddable":true,"href":"https:\/\/pdt-rj.org.br\/index.php\/wp-json\/wp\/v2\/categories?post=58925"},{"taxonomy":"post_tag","embeddable":true,"href":"https:\/\/pdt-rj.org.br\/index.php\/wp-json\/wp\/v2\/tags?post=58925"}],"curies":[{"name":"wp","href":"https:\/\/api.w.org\/{rel}","templated":true}]}}