{"id":58921,"date":"2018-03-16T01:03:18","date_gmt":"2018-03-16T04:03:18","guid":{"rendered":"http:\/\/pdt-rj.org.br\/?p=58921"},"modified":"2018-03-22T17:25:53","modified_gmt":"2018-03-22T20:25:53","slug":"forum-social-mundial-pdt-defende-ampliacao-da-representatividade-feminina","status":"publish","type":"post","link":"https:\/\/pdt-rj.org.br\/index.php\/forum-social-mundial-pdt-defende-ampliacao-da-representatividade-feminina\/","title":{"rendered":"F\u00f3rum Social Mundial: PDT defende amplia\u00e7\u00e3o da representatividade feminina"},"content":{"rendered":"<p>Realizado dentro da programa\u00e7\u00e3o do F\u00f3rum Social Mundial, em Salvador (BA), o debate sobre o manifesto \u201cUnidade para Reconstruir o Brasil\u201d, lan\u00e7ado em fevereiro deste ano pelas funda\u00e7\u00f5es ligadas aos partidos de esquerda (PDT, PT, PSOL e PC do B), refor\u00e7ou a necessidade de amplia\u00e7\u00e3o da representatividade feminina em n\u00edvel nacional, principalmente na pol\u00edtica. A pauta foi levantada por Miguelina Vecchio, vice-presidente nacional do PDT e estadual da Funda\u00e7\u00e3o Leonel Brizola-Alberto Pasqualini (FLB-AP) no Rio Grande do Sul.<\/p>\n<p>Ao lado dos presidentes dos presidentes das funda\u00e7\u00f5es Maur\u00edcio Grabois, Perseu Abramo e Lauro Campos, Renato Rabelo, Marcio Pochmman e Franscisvaldo Mendes, respectivamente, Miguelina Vecchio, que tamb\u00e9m \u00e9 presidente nacional da A\u00e7\u00e3o da Mulher Trabalhista (AMT), iniciou sua participa\u00e7\u00e3o prestando solidariedade \u00e0 fam\u00edlia e amigos da vereadora Marielle Franco, brutalmente assassinada na noite de ontem, no Rio de Janeiro.<\/p>\n<p>Representando o presidente da FLB-AP, Manoel Dias, a pedetista cobrou a necessidade de um maior espa\u00e7o para as mulheres no documento produzido pelas entidades vinculadas a partidos de esquerda.<\/p>\n<p>\u201cQuando li este manifesto, fiquei tranquila em saber que ele representa apenas um in\u00edcio, pois est\u00e1 bem aqu\u00e9m daquilo que n\u00f3s mulheres merecemos, at\u00e9 porque os nossos problemas s\u00e3o os problemas do povo brasileiro, pois somos a metade da popula\u00e7\u00e3o\u201d.<\/p>\n<p>A redu\u00e7\u00e3o das desigualdades sociais, a gera\u00e7\u00e3o de empregos e a distribui\u00e7\u00e3o de renda, quest\u00f5es abordadas pelo manifesto como parte das novas diretrizes para um novo projeto nacional de desenvolvimento, tamb\u00e9m foram trazidas \u00e0 tona pela pedetista sob a \u00f3tica da necessidade da institucionaliza\u00e7\u00e3o de conquistas do povo.<\/p>\n<p>\u201cN\u00f3s t\u00ednhamos interesse que o povo brasileiro sa\u00edsse da mis\u00e9ria absoluta, e saiu. Naquele per\u00edodo saiu, mas n\u00f3s, efetivamente, propugnamos pela emancipa\u00e7\u00e3o do povo? Ser\u00e1 que programas que tem o objetivo de emancipar o povo podem ser eternos ou devem ter come\u00e7o, meio e fim? Ou ser\u00e1 que essa emancipa\u00e7\u00e3o s\u00f3 nos serve para discurso?, indagou.<\/p>\n<p>\u201cTemos que avaliar que tipo de pol\u00edtica p\u00fablica \u00e9 essa que foi feita, que quando se muda o governo, simplesmente se acaba com todos os programas\u201d, completou Vecchio.<\/p>\n<p>A lideran\u00e7a feminina apontou ainda a necessidade de se repensar alguns aspectos da pol\u00edtica econ\u00f4mica. \u201cNunca neste pa\u00eds banqueiro ganhou tanto dinheiro. Pontos devem ser revistos, pois este tipo de pol\u00edtica influencia todas as outras, a exemplo da educa\u00e7\u00e3o\u201d, afirmou.<\/p>\n<p>Para uma ampla plateia, ela lembrou que Leonel Brizola batalhou, ao longo de sua vida, pela educa\u00e7\u00e3o em tempo integral a partir dos Cieps, que supre as necessidades da crian\u00e7a no processo de crescimento.<\/p>\n<p>\u201cHoje, a grande maioria dos estudiosos dizem que a \u00fanica maneira de erradicar o trabalho infantil, de fato, \u00e9 com a escola em tempo integral. At\u00e9 a direita j\u00e1 defende esta quest\u00e3o ao ver que n\u00e3o tem espa\u00e7o para n\u00e3o defender\u201d, disse, ao completar: \u201cSe n\u00f3s tiv\u00e9ssemos constru\u00eddo isso l\u00e1 no tempo do nosso velho Brizola, talvez o povo estivesse um pouco mais esclarecido, e j\u00e1 estar\u00edamos promovendo a verdadeira emancipa\u00e7\u00e3o do povo, que passa necessariamente pela educa\u00e7\u00e3o\u201d.<\/p>\n<p>Ap\u00f3s criticar algumas alian\u00e7as pol\u00edticas que, segundo a vice-presidente, acabam por colocar em risco as ideologias da esquerda em prol da governabilidade, destacou o exerc\u00edcio da autocr\u00edtica como um passo importante para avan\u00e7armos em algumas quest\u00f5es.<\/p>\n<p>\u201cN\u00e3o conseguimos ainda fazer com que o povo brasileiro compreenda que o setor el\u00e9trico de nosso pa\u00eds, passando para falar das grandes concess\u00f5es de r\u00e1dio e televis\u00e3o, e chegando ao pr\u00e9-sal, s\u00e3o de sua propriedade\u201d, alertou.<\/p>\n<p>Para a pedetista, a esquerda n\u00e3o tem consigo, pelo discurso, construir essa compreens\u00e3o, que \u00e9 fundamental para que os brasileiros consigam separar e identificar as diferen\u00e7as entre o campo popular e as candidaturas de extrema-direita\u201d.<\/p>\n<p>Ao final, Miguelina fez refer\u00eancia a dif\u00edcil miss\u00e3o de substituir Manoel Dias, que por quest\u00f5es de sa\u00fade n\u00e3o p\u00f4de comparecer ao evento, e falou sobre a import\u00e2ncia da intera\u00e7\u00e3o com a sociedade enquanto elemento transformador da vida das pessoas.<\/p>\n<p>\u201cO sujeito da mudan\u00e7a \u00e9 um sujeito dif\u00edcil de ser constru\u00eddo, mas acredito muito no trabalho realizado pelos coletivos, n\u00e3o s\u00f3 o de mulheres, mas tantos outros que est\u00e3o organizados e que tem prestado um grande servi\u00e7o a nossa sociedade. Vamos dar nossa contribui\u00e7\u00e3o para o manifesto sob a \u00f3tica de g\u00eanero\u201d, concluiu.<\/p>\n<!-- AddThis Advanced Settings generic via filter on the_content --><!-- AddThis Share Buttons generic via filter on the_content -->","protected":false},"excerpt":{"rendered":"<p>Realizado dentro da programa\u00e7\u00e3o do F\u00f3rum Social Mundial, em Salvador (BA), o debate sobre o manifesto \u201cUnidade para Reconstruir o Brasil\u201d, lan\u00e7ado em fevereiro deste ano pelas funda\u00e7\u00f5es ligadas aos partidos de esquerda (PDT, PT, PSOL e PC do B), refor\u00e7ou a necessidade de amplia\u00e7\u00e3o da representatividade feminina em n\u00edvel nacional, principalmente na pol\u00edtica. A&#8230;<!-- AddThis Advanced Settings generic via filter on wp_trim_excerpt --><!-- AddThis Share Buttons generic via filter on wp_trim_excerpt --><\/p>\n","protected":false},"author":17,"featured_media":58922,"comment_status":"closed","ping_status":"closed","sticky":false,"template":"","format":"standard","meta":{"_monsterinsights_skip_tracking":false,"_monsterinsights_sitenote_active":false,"_monsterinsights_sitenote_note":"","_monsterinsights_sitenote_category":0,"_uf_show_specific_survey":0,"_uf_disable_surveys":false,"footnotes":""},"categories":[1390],"tags":[2813,2850,614,38],"class_list":["post-58921","post","type-post","status-publish","format-standard","has-post-thumbnail","hentry","category-editorias","tag-unidade-para-reconstruir-o-brasil","tag-forum-social-mundial","tag-miguelina-vecchio","tag-pdt"],"acf":[],"_links":{"self":[{"href":"https:\/\/pdt-rj.org.br\/index.php\/wp-json\/wp\/v2\/posts\/58921","targetHints":{"allow":["GET"]}}],"collection":[{"href":"https:\/\/pdt-rj.org.br\/index.php\/wp-json\/wp\/v2\/posts"}],"about":[{"href":"https:\/\/pdt-rj.org.br\/index.php\/wp-json\/wp\/v2\/types\/post"}],"author":[{"embeddable":true,"href":"https:\/\/pdt-rj.org.br\/index.php\/wp-json\/wp\/v2\/users\/17"}],"replies":[{"embeddable":true,"href":"https:\/\/pdt-rj.org.br\/index.php\/wp-json\/wp\/v2\/comments?post=58921"}],"version-history":[{"count":2,"href":"https:\/\/pdt-rj.org.br\/index.php\/wp-json\/wp\/v2\/posts\/58921\/revisions"}],"predecessor-version":[{"id":58991,"href":"https:\/\/pdt-rj.org.br\/index.php\/wp-json\/wp\/v2\/posts\/58921\/revisions\/58991"}],"wp:featuredmedia":[{"embeddable":true,"href":"https:\/\/pdt-rj.org.br\/index.php\/wp-json\/wp\/v2\/media\/58922"}],"wp:attachment":[{"href":"https:\/\/pdt-rj.org.br\/index.php\/wp-json\/wp\/v2\/media?parent=58921"}],"wp:term":[{"taxonomy":"category","embeddable":true,"href":"https:\/\/pdt-rj.org.br\/index.php\/wp-json\/wp\/v2\/categories?post=58921"},{"taxonomy":"post_tag","embeddable":true,"href":"https:\/\/pdt-rj.org.br\/index.php\/wp-json\/wp\/v2\/tags?post=58921"}],"curies":[{"name":"wp","href":"https:\/\/api.w.org\/{rel}","templated":true}]}}