{"id":58901,"date":"2018-03-16T19:02:31","date_gmt":"2018-03-16T22:02:31","guid":{"rendered":"http:\/\/pdt-rj.org.br\/?p=58901"},"modified":"2018-03-16T19:02:57","modified_gmt":"2018-03-16T22:02:57","slug":"governo-paga-r-22-milhoes-em-emendas-de-assis-do-couto","status":"publish","type":"post","link":"https:\/\/pdt-rj.org.br\/index.php\/governo-paga-r-22-milhoes-em-emendas-de-assis-do-couto\/","title":{"rendered":"Governo Federal paga R$ 2,2 milh\u00f5es em emendas de Assis do Couto"},"content":{"rendered":"<p style=\"font-weight: 400;\">O governo federal pagou nesta semana R$ 2,2 milh\u00f5es referente a emendas individuais do deputado federal Assis do Couto (PDT-PR). Os recursos contemplam 15 munic\u00edpios das regi\u00f5es Oeste e Sudoeste do Paran\u00e1, nas \u00e1reas de sa\u00fade, agricultura, esportes e cidades. Com exce\u00e7\u00e3o do munic\u00edpio de Francisco Beltr\u00e3o, os pagamentos s\u00e3o referentes a emendas propostas nos anos de 2016 e 2017.<\/p>\n<p style=\"font-weight: 400;\">No caso de Francisco Beltr\u00e3o, foram pagos R$ 93 mil referentes a \u00faltima parcela de uma emenda, do ano de 2015, no valor total de R$ 465,4 mil para asfalto em vias urbanas na Cidade Norte.<\/p>\n<p style=\"font-weight: 400;\">Al\u00e9m de Francisco Beltr\u00e3o, receberam pagamentos do Minist\u00e9rio das Cidades para obras de pavimenta\u00e7\u00e3o asf\u00e1ltica, os munic\u00edpios de Capit\u00e3o Le\u00f4nidas Marques, Salgado Filho e Santa Izabel do Oeste.<\/p>\n<p style=\"font-weight: 400;\">J\u00e1 o Minist\u00e9rio da Agricultura Pecu\u00e1ria e Abastecimento (MAPA) liberou o pagamento para os munic\u00edpios de Medianeira e Itapejara D\u00b4Oeste. No caso de Medianeira, os recursos s\u00e3o destinados a pavimenta\u00e7\u00e3o poli\u00e9drica de estradas rurais. O valor da emenda \u00e9 de R$ 243.750,00, sendo que este foi o primeiro pagamento, no valor de R$ 121.850,00. Para Itapejara D\u00b4Oeste, foram liberados R$ 48.750,00, de um total de R$ 243 mil, para recupera\u00e7\u00e3o de estradas vicinais.<\/p>\n<p style=\"font-weight: 400;\">O maior n\u00famero de pagamento se refere ao Minist\u00e9rio da Sa\u00fade. Para o de Capit\u00e3o Le\u00f4nidas Marques os recursos s\u00e3o para constru\u00e7\u00e3o de Unidade B\u00e1sica de Sa\u00fade. J\u00e1 para os munic\u00edpios de Boa Esperan\u00e7a do Igua\u00e7u, Tr\u00eas Barras do Paran\u00e1, Medianeira e Ver\u00ea, as emendas s\u00e3o para compra de equipamentos. Nos demais munic\u00edpios, Coronel Domingos Soares, Cruz Machado, Mari\u00f3polis, Medianeira, Santo Ant\u00f4nio do Sudoeste, Sulina e Tr\u00eas Barras do Paran\u00e1 os recursos s\u00e3o para o Piso de Aten\u00e7\u00e3o B\u00e1sica (PAB).<\/p>\n<!-- AddThis Advanced Settings generic via filter on the_content --><!-- AddThis Share Buttons generic via filter on the_content -->","protected":false},"excerpt":{"rendered":"<p>O governo federal pagou nesta semana R$ 2,2 milh\u00f5es referente a emendas individuais do deputado federal Assis do Couto (PDT-PR). Os recursos contemplam 15 munic\u00edpios das regi\u00f5es Oeste e Sudoeste do Paran\u00e1, nas \u00e1reas de sa\u00fade, agricultura, esportes e cidades. Com exce\u00e7\u00e3o do munic\u00edpio de Francisco Beltr\u00e3o, os pagamentos s\u00e3o referentes a emendas propostas nos&#8230;<!-- AddThis Advanced Settings generic via filter on wp_trim_excerpt --><!-- AddThis Share Buttons generic via filter on wp_trim_excerpt --><\/p>\n","protected":false},"author":17,"featured_media":58919,"comment_status":"closed","ping_status":"closed","sticky":false,"template":"","format":"standard","meta":{"_monsterinsights_skip_tracking":false,"_monsterinsights_sitenote_active":false,"_monsterinsights_sitenote_note":"","_monsterinsights_sitenote_category":0,"_uf_show_specific_survey":0,"_uf_disable_surveys":false,"footnotes":""},"categories":[1390,1402,1459],"tags":[137,1123,38],"class_list":["post-58901","post","type-post","status-publish","format-standard","has-post-thumbnail","hentry","category-editorias","category-cidades","category-congresso","tag-assis-do-couto","tag-emendas-parlamentares","tag-pdt"],"acf":[],"_links":{"self":[{"href":"https:\/\/pdt-rj.org.br\/index.php\/wp-json\/wp\/v2\/posts\/58901","targetHints":{"allow":["GET"]}}],"collection":[{"href":"https:\/\/pdt-rj.org.br\/index.php\/wp-json\/wp\/v2\/posts"}],"about":[{"href":"https:\/\/pdt-rj.org.br\/index.php\/wp-json\/wp\/v2\/types\/post"}],"author":[{"embeddable":true,"href":"https:\/\/pdt-rj.org.br\/index.php\/wp-json\/wp\/v2\/users\/17"}],"replies":[{"embeddable":true,"href":"https:\/\/pdt-rj.org.br\/index.php\/wp-json\/wp\/v2\/comments?post=58901"}],"version-history":[{"count":4,"href":"https:\/\/pdt-rj.org.br\/index.php\/wp-json\/wp\/v2\/posts\/58901\/revisions"}],"predecessor-version":[{"id":58932,"href":"https:\/\/pdt-rj.org.br\/index.php\/wp-json\/wp\/v2\/posts\/58901\/revisions\/58932"}],"wp:featuredmedia":[{"embeddable":true,"href":"https:\/\/pdt-rj.org.br\/index.php\/wp-json\/wp\/v2\/media\/58919"}],"wp:attachment":[{"href":"https:\/\/pdt-rj.org.br\/index.php\/wp-json\/wp\/v2\/media?parent=58901"}],"wp:term":[{"taxonomy":"category","embeddable":true,"href":"https:\/\/pdt-rj.org.br\/index.php\/wp-json\/wp\/v2\/categories?post=58901"},{"taxonomy":"post_tag","embeddable":true,"href":"https:\/\/pdt-rj.org.br\/index.php\/wp-json\/wp\/v2\/tags?post=58901"}],"curies":[{"name":"wp","href":"https:\/\/api.w.org\/{rel}","templated":true}]}}