{"id":58893,"date":"2018-03-15T11:23:07","date_gmt":"2018-03-15T14:23:07","guid":{"rendered":"http:\/\/pdt-rj.org.br\/?p=58893"},"modified":"2018-03-19T18:05:20","modified_gmt":"2018-03-19T21:05:20","slug":"weverton-rocha-assume-lideranca-da-minoria-na-camara-dos-deputados","status":"publish","type":"post","link":"https:\/\/pdt-rj.org.br\/index.php\/weverton-rocha-assume-lideranca-da-minoria-na-camara-dos-deputados\/","title":{"rendered":"Weverton Rocha assume lideran\u00e7a da Minoria na C\u00e2mara dos Deputados"},"content":{"rendered":"<p>O deputado federal Weverton (PDT) foi anunciado, nessa ter\u00e7a-feira (13), no Plen\u00e1rio da C\u00e2mara, como o novo L\u00edder do Bloco da Minoria, posi\u00e7\u00e3o para a qual foi indicado por unanimidade, sendo a primeira vez na hist\u00f3ria da C\u00e2mara Federal que um parlamentar maranhense assume esta fun\u00e7\u00e3o.<\/p>\n<p>Em seu pronunciamento como l\u00edder, o deputado Weverton afirmou sua luta em prol dos direitos dos brasileiros.\u00a0\u201cO debate do momento \u00e9 a privatiza\u00e7\u00e3o da Eletrobr\u00e1s e estaremos firmes para dizer n\u00e3o a ela, assim como fizemos com a reforma trabalhista, como lutamos de forma intransigente para n\u00e3o deixar entrar em pauta a reforma da Previd\u00eancia e como fizemos dizendo n\u00e3o ao impeachment da presidente Dilma, que na \u00e9poca j\u00e1 sab\u00edamos que se tratava de um golpe\u201d.<\/p>\n<p>O ex-l\u00edder da bancada Jos\u00e9 Guimar\u00e3es (PT-CE), fez o an\u00fancio do nome de Weverton ao Plen\u00e1rio, explicando que a decis\u00e3o foi um consenso entre todos os partidos e destacou a capacidade de di\u00e1logo e articula\u00e7\u00e3o do novo l\u00edder. \u201cWeverton tem relev\u00e2ncia em servi\u00e7os prestados, rela\u00e7\u00e3o muito ampla de di\u00e1logo com toda a Casa e firmeza de posi\u00e7\u00f5es\u201d, disse Guimar\u00e3es. \u201cEstamos todos unidos firmes na oposi\u00e7\u00e3o ao governo\u201d, complementou.<\/p>\n<p>A Minoria \u00e9 o bloco parlamentar que agrega a maior representatividade de partidos em oposi\u00e7\u00e3o ao pensamento da Maioria sobre o Governo Federal (Poder Executivo). Agrupados em representa\u00e7\u00f5es partid\u00e1rias ou blocos parlamentares, os deputados elegem seus l\u00edderes, que, entre outras atribui\u00e7\u00f5es, encaminham as vota\u00e7\u00f5es nas Comiss\u00f5es e no Plen\u00e1rio, podendo fazer uso da palavra em qualquer tempo da sess\u00e3o para tratar de assunto de relev\u00e2ncia nacional ou defender determinada linha pol\u00edtica.<\/p>\n<p>&nbsp;<\/p>\n<!-- AddThis Advanced Settings generic via filter on the_content --><!-- AddThis Share Buttons generic via filter on the_content -->","protected":false},"excerpt":{"rendered":"<p>O deputado federal Weverton (PDT) foi anunciado, nessa ter\u00e7a-feira (13), no Plen\u00e1rio da C\u00e2mara, como o novo L\u00edder do Bloco da Minoria, posi\u00e7\u00e3o para a qual foi indicado por unanimidade, sendo a primeira vez na hist\u00f3ria da C\u00e2mara Federal que um parlamentar maranhense assume esta fun\u00e7\u00e3o. Em seu pronunciamento como l\u00edder, o deputado Weverton afirmou&#8230;<!-- AddThis Advanced Settings generic via filter on wp_trim_excerpt --><!-- AddThis Share Buttons generic via filter on wp_trim_excerpt --><\/p>\n","protected":false},"author":17,"featured_media":58912,"comment_status":"closed","ping_status":"closed","sticky":false,"template":"","format":"standard","meta":{"_monsterinsights_skip_tracking":false,"_monsterinsights_sitenote_active":false,"_monsterinsights_sitenote_note":"","_monsterinsights_sitenote_category":0,"_uf_show_specific_survey":0,"_uf_disable_surveys":false,"footnotes":""},"categories":[1390,1459],"tags":[2848,183,38,962],"class_list":["post-58893","post","type-post","status-publish","format-standard","has-post-thumbnail","hentry","category-editorias","category-congresso","tag-bloco-parlamentar","tag-camara-dos-deputados","tag-pdt","tag-weverton-rocha"],"acf":[],"_links":{"self":[{"href":"https:\/\/pdt-rj.org.br\/index.php\/wp-json\/wp\/v2\/posts\/58893","targetHints":{"allow":["GET"]}}],"collection":[{"href":"https:\/\/pdt-rj.org.br\/index.php\/wp-json\/wp\/v2\/posts"}],"about":[{"href":"https:\/\/pdt-rj.org.br\/index.php\/wp-json\/wp\/v2\/types\/post"}],"author":[{"embeddable":true,"href":"https:\/\/pdt-rj.org.br\/index.php\/wp-json\/wp\/v2\/users\/17"}],"replies":[{"embeddable":true,"href":"https:\/\/pdt-rj.org.br\/index.php\/wp-json\/wp\/v2\/comments?post=58893"}],"version-history":[{"count":7,"href":"https:\/\/pdt-rj.org.br\/index.php\/wp-json\/wp\/v2\/posts\/58893\/revisions"}],"predecessor-version":[{"id":58913,"href":"https:\/\/pdt-rj.org.br\/index.php\/wp-json\/wp\/v2\/posts\/58893\/revisions\/58913"}],"wp:featuredmedia":[{"embeddable":true,"href":"https:\/\/pdt-rj.org.br\/index.php\/wp-json\/wp\/v2\/media\/58912"}],"wp:attachment":[{"href":"https:\/\/pdt-rj.org.br\/index.php\/wp-json\/wp\/v2\/media?parent=58893"}],"wp:term":[{"taxonomy":"category","embeddable":true,"href":"https:\/\/pdt-rj.org.br\/index.php\/wp-json\/wp\/v2\/categories?post=58893"},{"taxonomy":"post_tag","embeddable":true,"href":"https:\/\/pdt-rj.org.br\/index.php\/wp-json\/wp\/v2\/tags?post=58893"}],"curies":[{"name":"wp","href":"https:\/\/api.w.org\/{rel}","templated":true}]}}