{"id":58886,"date":"2018-03-15T15:41:47","date_gmt":"2018-03-15T18:41:47","guid":{"rendered":"http:\/\/pdt-rj.org.br\/?p=58886"},"modified":"2018-03-19T18:04:06","modified_gmt":"2018-03-19T21:04:06","slug":"felix-mendonca-governo-ciro-tera-como-foco-o-desenvolvimento-e-combate-as-desigualdades-sociais","status":"publish","type":"post","link":"https:\/\/pdt-rj.org.br\/index.php\/felix-mendonca-governo-ciro-tera-como-foco-o-desenvolvimento-e-combate-as-desigualdades-sociais\/","title":{"rendered":"F\u00e9lix Mendon\u00e7a: Governo Ciro ter\u00e1 como foco o desenvolvimento e combate \u00e0s desigualdades sociais"},"content":{"rendered":"<p>O deputado F\u00e9lix Mendon\u00e7a J\u00fanior (PDT-BA) v\u00ea com otimismo a pr\u00e9-candidatura de Ciro Gomes \u00e0 Presid\u00eancia da Rep\u00fablica. A tend\u00eancia, segundo ele, \u00e9 de crescimento do ex-governador do Cear\u00e1. \u201cCiro \u00e9 o nome mais preparado e, com certeza, a melhor op\u00e7\u00e3o entre todos os pr\u00e9- candidatos. Com a campanha nas ruas, seu nome tende de crescer e ser\u00e1 um dos favoritos na corrida presidencial\u201d, afirmou.<\/p>\n<p>F\u00e9lix J\u00fanior acentua que o governo de Ciro ter\u00e1 como foco o desenvolvimento, com justi\u00e7a social. \u201cA linha mestra do seu programa ser\u00e1 a retomada do desenvolvimento e a recupera\u00e7\u00e3o da economia, junto com o combate \u00e0s desigualdades sociais. Acreditamos nesse projeto e vamos trabalhar por ele\u201d, garantiu.<\/p>\n<p>O parlamentar destaca a qualidade da equipe montada por Ciro, que tem \u00e0 frente Mangabeira Unger, professor da Universidade de Harvard (EUA) e ex-ministro da Secretaria de Assuntos Estrat\u00e9gicos no governo Lula, al\u00e9m do economista Nelson Marconi (Funda\u00e7\u00e3o Get\u00falio Vargas) e Mauro Benevides Filho, secret\u00e1rio da Fazenda do Cear\u00e1.<\/p>\n<p>O deputado acredita que a sucess\u00e3o presidencial ser\u00e1 decidida entre cinco ou, no m\u00e1ximo, seis candidatos. \u201cTeremos Ciro (PDT), Lula (PT) \u2013 caso possa concorrer \u2013, Marina (Rede), Geraldo Alckmin (PSDB), Jair Bolsonaro (PSL) e, agora, Rodrigo Maia (DEM). As elei\u00e7\u00f5es ser\u00e3o decididas entre esses candidatos\u201d, afirmou.<\/p>\n<p>Ex-governador do Cear\u00e1, ex-ministro da Fazenda, no governo de Itamar Franco, e da Integra\u00e7\u00e3o Nacional, no governo de Lu\u00eds In\u00e1cio Lula da Silva,\u00a0aos 60 anos, Ciro estar\u00e1 presente pela terceira vez na corrida rumo ao Pal\u00e1cio do Planalto. Desde 2006, o PDT n\u00e3o disputa o cargo de presidente da Rep\u00fablica.<\/p>\n<!-- AddThis Advanced Settings generic via filter on the_content --><!-- AddThis Share Buttons generic via filter on the_content -->","protected":false},"excerpt":{"rendered":"<p>O deputado F\u00e9lix Mendon\u00e7a J\u00fanior (PDT-BA) v\u00ea com otimismo a pr\u00e9-candidatura de Ciro Gomes \u00e0 Presid\u00eancia da Rep\u00fablica. A tend\u00eancia, segundo ele, \u00e9 de crescimento do ex-governador do Cear\u00e1. \u201cCiro \u00e9 o nome mais preparado e, com certeza, a melhor op\u00e7\u00e3o entre todos os pr\u00e9- candidatos. Com a campanha nas ruas, seu nome tende de&#8230;<!-- AddThis Advanced Settings generic via filter on wp_trim_excerpt --><!-- AddThis Share Buttons generic via filter on wp_trim_excerpt --><\/p>\n","protected":false},"author":17,"featured_media":58889,"comment_status":"closed","ping_status":"closed","sticky":false,"template":"","format":"standard","meta":{"_monsterinsights_skip_tracking":false,"_monsterinsights_sitenote_active":false,"_monsterinsights_sitenote_note":"","_monsterinsights_sitenote_category":0,"_uf_show_specific_survey":0,"_uf_disable_surveys":false,"footnotes":""},"categories":[1390],"tags":[220,391,586,38],"class_list":["post-58886","post","type-post","status-publish","format-standard","has-post-thumbnail","hentry","category-editorias","tag-ciro-gomes","tag-felix-mendonca-junior","tag-mangabeira-unger","tag-pdt"],"acf":[],"_links":{"self":[{"href":"https:\/\/pdt-rj.org.br\/index.php\/wp-json\/wp\/v2\/posts\/58886","targetHints":{"allow":["GET"]}}],"collection":[{"href":"https:\/\/pdt-rj.org.br\/index.php\/wp-json\/wp\/v2\/posts"}],"about":[{"href":"https:\/\/pdt-rj.org.br\/index.php\/wp-json\/wp\/v2\/types\/post"}],"author":[{"embeddable":true,"href":"https:\/\/pdt-rj.org.br\/index.php\/wp-json\/wp\/v2\/users\/17"}],"replies":[{"embeddable":true,"href":"https:\/\/pdt-rj.org.br\/index.php\/wp-json\/wp\/v2\/comments?post=58886"}],"version-history":[{"count":6,"href":"https:\/\/pdt-rj.org.br\/index.php\/wp-json\/wp\/v2\/posts\/58886\/revisions"}],"predecessor-version":[{"id":58947,"href":"https:\/\/pdt-rj.org.br\/index.php\/wp-json\/wp\/v2\/posts\/58886\/revisions\/58947"}],"wp:featuredmedia":[{"embeddable":true,"href":"https:\/\/pdt-rj.org.br\/index.php\/wp-json\/wp\/v2\/media\/58889"}],"wp:attachment":[{"href":"https:\/\/pdt-rj.org.br\/index.php\/wp-json\/wp\/v2\/media?parent=58886"}],"wp:term":[{"taxonomy":"category","embeddable":true,"href":"https:\/\/pdt-rj.org.br\/index.php\/wp-json\/wp\/v2\/categories?post=58886"},{"taxonomy":"post_tag","embeddable":true,"href":"https:\/\/pdt-rj.org.br\/index.php\/wp-json\/wp\/v2\/tags?post=58886"}],"curies":[{"name":"wp","href":"https:\/\/api.w.org\/{rel}","templated":true}]}}