{"id":58845,"date":"2018-03-13T11:46:58","date_gmt":"2018-03-13T14:46:58","guid":{"rendered":"http:\/\/pdt-rj.org.br\/?p=58845"},"modified":"2018-03-27T13:35:38","modified_gmt":"2018-03-27T16:35:38","slug":"movimento-cultural-darcy-ribeiro-se-prepara-para-sua-primeira-convencao","status":"publish","type":"post","link":"https:\/\/pdt-rj.org.br\/index.php\/movimento-cultural-darcy-ribeiro-se-prepara-para-sua-primeira-convencao\/","title":{"rendered":"Movimento Cultural Darcy Ribeiro se prepara para sua primeira Conven\u00e7\u00e3o"},"content":{"rendered":"<p style=\"font-weight: 400;\">O Movimento Cultural Darcy Ribeiro do PDT se prepara para sua primeira conven\u00e7\u00e3o em 25 e 26 de abril no Rio de Janeiro \u2013 em local ainda a ser definido. Neste final de semana, o presidente do movimento, Roberto Viana, se reuniu no Rio com a cantora Beth Carvalho. Na pauta, a constru\u00e7\u00e3o de um projeto cultural que ir\u00e1 balizar a plataforma de Ciro \u00e0 Presid\u00eancia.<\/p>\n<p style=\"font-weight: 400;\">\u201cEstamos nos concentrando em rodar o Pa\u00eds e reunir nossos quadros partid\u00e1rios que militam em coletivos culturais, que promovem todos os tipos de movimentos em prol da cultura. Nossa ideia \u00e9 reunir todas as tend\u00eancias e construir, em conjunto, a plataforma cultural do plano de governo de Ciro Gomes \u00e0 Presid\u00eancia\u201d, afirmou Viana.<\/p>\n<p style=\"font-weight: 400;\">Este final de semana foi a vez de Roberto se reunir com Beth Carvalho \u2013 brizolista hist\u00f3rica e grande militante progressista na \u00e1rea cultural.<\/p>\n<p style=\"font-weight: 400;\">&#8220;O encontro serviu para conversar um pouco sobre o atual momento pol\u00edtico, apresentar o movimento e, ao mesmo tempo, aprender um pouco mais sobre pol\u00edtica e cultura. Beth \u00e9 uma das gigantes da cultura brasileira, e progressista\u201d, explicou Viana.<\/p>\n<p style=\"font-weight: 400;\">O Movimento j\u00e1 tem data para sua primeira conven\u00e7\u00e3o, onde ser\u00e1 eleita sua comiss\u00e3o executiva. O encontro ser\u00e1 nos dias 25 e 26 de abril, no Rio de Janeiro, em local ainda a ser definido.<\/p>\n<!-- AddThis Advanced Settings generic via filter on the_content --><!-- AddThis Share Buttons generic via filter on the_content -->","protected":false},"excerpt":{"rendered":"<p>O Movimento Cultural Darcy Ribeiro do PDT se prepara para sua primeira conven\u00e7\u00e3o em 25 e 26 de abril no Rio de Janeiro \u2013 em local ainda a ser definido. Neste final de semana, o presidente do movimento, Roberto Viana, se reuniu no Rio com a cantora Beth Carvalho. Na pauta, a constru\u00e7\u00e3o de um&#8230;<!-- AddThis Advanced Settings generic via filter on wp_trim_excerpt --><!-- AddThis Share Buttons generic via filter on wp_trim_excerpt --><\/p>\n","protected":false},"author":17,"featured_media":58848,"comment_status":"closed","ping_status":"closed","sticky":false,"template":"","format":"standard","meta":{"_monsterinsights_skip_tracking":false,"_monsterinsights_sitenote_active":false,"_monsterinsights_sitenote_note":"","_monsterinsights_sitenote_category":0,"_uf_show_specific_survey":0,"_uf_disable_surveys":false,"footnotes":""},"categories":[1390,2606,1397],"tags":[167,220,2450,2602],"class_list":["post-58845","post","type-post","status-publish","format-standard","has-post-thumbnail","hentry","category-editorias","category-movimento-cultural-darcy-ribeiro","category-movimentos","tag-beth-carvalho","tag-ciro-gomes","tag-movimento-cultural-darcy-ribeiro","tag-roberto-viana"],"acf":[],"_links":{"self":[{"href":"https:\/\/pdt-rj.org.br\/index.php\/wp-json\/wp\/v2\/posts\/58845","targetHints":{"allow":["GET"]}}],"collection":[{"href":"https:\/\/pdt-rj.org.br\/index.php\/wp-json\/wp\/v2\/posts"}],"about":[{"href":"https:\/\/pdt-rj.org.br\/index.php\/wp-json\/wp\/v2\/types\/post"}],"author":[{"embeddable":true,"href":"https:\/\/pdt-rj.org.br\/index.php\/wp-json\/wp\/v2\/users\/17"}],"replies":[{"embeddable":true,"href":"https:\/\/pdt-rj.org.br\/index.php\/wp-json\/wp\/v2\/comments?post=58845"}],"version-history":[{"count":9,"href":"https:\/\/pdt-rj.org.br\/index.php\/wp-json\/wp\/v2\/posts\/58845\/revisions"}],"predecessor-version":[{"id":59050,"href":"https:\/\/pdt-rj.org.br\/index.php\/wp-json\/wp\/v2\/posts\/58845\/revisions\/59050"}],"wp:featuredmedia":[{"embeddable":true,"href":"https:\/\/pdt-rj.org.br\/index.php\/wp-json\/wp\/v2\/media\/58848"}],"wp:attachment":[{"href":"https:\/\/pdt-rj.org.br\/index.php\/wp-json\/wp\/v2\/media?parent=58845"}],"wp:term":[{"taxonomy":"category","embeddable":true,"href":"https:\/\/pdt-rj.org.br\/index.php\/wp-json\/wp\/v2\/categories?post=58845"},{"taxonomy":"post_tag","embeddable":true,"href":"https:\/\/pdt-rj.org.br\/index.php\/wp-json\/wp\/v2\/tags?post=58845"}],"curies":[{"name":"wp","href":"https:\/\/api.w.org\/{rel}","templated":true}]}}